{"id":18560,"date":"2022-01-07T17:34:37","date_gmt":"2022-01-07T17:34:37","guid":{"rendered":"https:\/\/tjerkstra.com\/wordpress\/?p=18560"},"modified":"2022-01-07T17:34:37","modified_gmt":"2022-01-07T17:34:37","slug":"theseus","status":"publish","type":"post","link":"https:\/\/tjerkstra.com\/wordpress\/mytebylden\/theseus\/","title":{"rendered":"Theseus"},"content":{"rendered":"\n<figure class=\"wp-block-image size-full\"><img loading=\"lazy\" decoding=\"async\" width=\"400\" height=\"550\" src=\"https:\/\/tjerkstra.com\/wordpress\/wp-content\/uploads\/2022\/01\/Theseus.jpeg\" alt=\"\" class=\"wp-image-18561\" srcset=\"https:\/\/tjerkstra.com\/wordpress\/wp-content\/uploads\/2022\/01\/Theseus.jpeg 400w, https:\/\/tjerkstra.com\/wordpress\/wp-content\/uploads\/2022\/01\/Theseus-218x300.jpeg 218w, https:\/\/tjerkstra.com\/wordpress\/wp-content\/uploads\/2022\/01\/Theseus-255x350.jpeg 255w, https:\/\/tjerkstra.com\/wordpress\/wp-content\/uploads\/2022\/01\/Theseus-52x71.jpeg 52w\" sizes=\"auto, (max-width: 400px) 100vw, 400px\" \/><\/figure>\n\n\n\n<p><em>fan \u00fbnbekend*<br><\/em><br>Theseus,<br>gjin keardel hat safolle,<br>lykwols net gen\u00f4ch belibbe,<br>wist net dat syn ierdske heit<br>de kening fan Athene wie&#8230;<br>der waard ek sein, oan god Poseidon<br>fielde hy him sterk besibbe.<br><br>Theseus<br>kriich ier al yn de holle|<br>foar gjinien benaud te w\u00eazen,<br>foar held Herakles ek net;<br>as jonkje makke hy him ree<br>om \u2019t liuwefel f\u00fbl oan te fallen,<br>fielde oan \u2019t fijanlik w\u00eazen.<br><br>Theseus,<br>de fjochter tsjin de bolle<br>dy\u2019t it gea ferrinnewearre<br>om \u2019t ferneamde Maraton,<br>d\u00ear\u2019t earder ek al fochten wie;<br>hy w\u00fbn it fan de goare bolle,<br>dat syn kr\u00eaft waard heech wurdearre.<br><br>Theseus,<br>wa soe safolle wolle?<br>Sels de striid tsjin Minotauros,<br>minske mei in bollekop,<br>waard w\u00fbn yn Kreta\u2019s labyrint;<br>Athena\u2019s bern hat hy sa r\u00eaden&#8230;<br>Minotauros deade gauris.<br><br>Theseus,<br>de r\u00eader fan Athene,<br>koe syn libben sels net r\u00eade,<br>fan in rots kaam hy yn see,<br>as keardel wie hy d\u00earta ree.<br><br><em>Yllustraasje \u2018Theseus en Minotauros\u2019<br><\/em><br><br><\/p>\n","protected":false},"excerpt":{"rendered":"<p>fan \u00fbnbekend*Theseus,gjin keardel hat safolle,lykwols net gen\u00f4ch belibbe,wist net dat syn ierdske heitde kening fan Athene wie&#8230;der waard ek sein, oan god Poseidonfielde hy him sterk besibbe. Theseuskriich ier al yn de holle|foar gjinien benaud te w\u00eazen,foar held Herakles ek net;as jonkje makke hy him reeom \u2019t liuwefel f\u00fbl oan te fallen,fielde oan \u2019t fijanlik [&hellip;]<\/p>\n","protected":false},"author":1,"featured_media":0,"comment_status":"closed","ping_status":"closed","sticky":false,"template":"","format":"standard","meta":{"footnotes":""},"categories":[11],"tags":[],"class_list":["post-18560","post","type-post","status-publish","format-standard","hentry","category-mytebylden"],"_links":{"self":[{"href":"https:\/\/tjerkstra.com\/wordpress\/wp-json\/wp\/v2\/posts\/18560","targetHints":{"allow":["GET"]}}],"collection":[{"href":"https:\/\/tjerkstra.com\/wordpress\/wp-json\/wp\/v2\/posts"}],"about":[{"href":"https:\/\/tjerkstra.com\/wordpress\/wp-json\/wp\/v2\/types\/post"}],"author":[{"embeddable":true,"href":"https:\/\/tjerkstra.com\/wordpress\/wp-json\/wp\/v2\/users\/1"}],"replies":[{"embeddable":true,"href":"https:\/\/tjerkstra.com\/wordpress\/wp-json\/wp\/v2\/comments?post=18560"}],"version-history":[{"count":1,"href":"https:\/\/tjerkstra.com\/wordpress\/wp-json\/wp\/v2\/posts\/18560\/revisions"}],"predecessor-version":[{"id":18562,"href":"https:\/\/tjerkstra.com\/wordpress\/wp-json\/wp\/v2\/posts\/18560\/revisions\/18562"}],"wp:attachment":[{"href":"https:\/\/tjerkstra.com\/wordpress\/wp-json\/wp\/v2\/media?parent=18560"}],"wp:term":[{"taxonomy":"category","embeddable":true,"href":"https:\/\/tjerkstra.com\/wordpress\/wp-json\/wp\/v2\/categories?post=18560"},{"taxonomy":"post_tag","embeddable":true,"href":"https:\/\/tjerkstra.com\/wordpress\/wp-json\/wp\/v2\/tags?post=18560"}],"curies":[{"name":"wp","href":"https:\/\/api.w.org\/{rel}","templated":true}]}}