{"id":164,"date":"2016-09-19T18:54:23","date_gmt":"2016-09-19T18:54:23","guid":{"rendered":"http:\/\/www.tjerkstra.com\/wordpress\/?p=164"},"modified":"2016-09-19T18:54:23","modified_gmt":"2016-09-19T18:54:23","slug":"oerhaal","status":"publish","type":"post","link":"https:\/\/tjerkstra.com\/wordpress\/lyrysk-deiboek\/oerhaal\/","title":{"rendered":"Oerhaal"},"content":{"rendered":"<table class=\"contentpaneopen\">\n<tbody>\n<tr>\n<td class=\"contentheading\" width=\"100%\"><\/td>\n<td class=\"buttonheading\" align=\"right\" width=\"100%\"><a title=\"PDF\"> <img decoding=\"async\" src=\"http:\/\/www.tjerkstra.com\/images\/M_images\/pdf_button.png\" alt=\"PDF\" name=\"image\" align=\"middle\" border=\"0\" \/> <\/a><\/td>\n<td class=\"buttonheading\" align=\"right\" width=\"100%\"><a title=\"Print\"> <img decoding=\"async\" src=\"http:\/\/www.tjerkstra.com\/images\/M_images\/printButton.png\" alt=\"Print\" name=\"image\" align=\"middle\" border=\"0\" \/> <\/a><\/td>\n<td class=\"buttonheading\" align=\"right\" width=\"100%\"><a title=\"E-mail\"> <img decoding=\"async\" src=\"http:\/\/www.tjerkstra.com\/images\/M_images\/emailButton.png\" alt=\"E-mail\" name=\"image\" align=\"middle\" border=\"0\" \/> <\/a><\/td>\n<\/tr>\n<\/tbody>\n<\/table>\n<table class=\"contentpaneopen\">\n<tbody>\n<tr>\n<td colspan=\"2\" valign=\"top\">moandei, 11 july 2005<\/p>\n<p>De oerhaal leit der fredich by,<br \/>\nnei&#8217;t jachtsjen fan de drokke snein<br \/>\nferr\u00fbn foar pont en baas it tij,<br \/>\ndat streamde nei de lichte ta,<br \/>\ndus hjoed begjint de dei mei wat de snein<br \/>\n\u00fas biede moast, de r\u00east fan it bestean,<br \/>\ndat ieuwenlyn hjir plak f\u00fbn hat<br \/>\nen dine op &#8216;e kalme weagen<br \/>\nfan Goai\u00efngea-en-Sweagen,<br \/>\nin midsieusk dompich doarpke by de oerhaal,<br \/>\nin tsjerkje en in gr\u00eafstien, mar s\u00fbnder dat<br \/>\nmen wist fan it bestoarn bestean<br \/>\nfan &#8217;t folk yn kjeld en hjitte,<br \/>\nmar wol yn &#8217;t s\u00e2lt bebiten,<br \/>\ndat man en wiif bedolden, s\u00fbnder omhaal,<br \/>\nit droege fean dat yn de br\u00e2n set waard,<br \/>\nit wetter, oer de jiske smiten,<br \/>\nferdampte boppe potten,<br \/>\nwat oerbleau, wie it s\u00e2lt,<br \/>\nyn sekken skept en brocht nei Snits,<br \/>\nferkocht mei hantsjeklap en praat<br \/>\nen wiene man en wiif werom<br \/>\nyn Goai\u00efngea-en-Sweagen,<br \/>\nferoare &#8217;t waar, mei stjit en flits<br \/>\nber\u00fbn de loft en klappen foelen,<br \/>\nde twirren makken weagen,<br \/>\ndy frieten oan it sompich l\u00e2n<br \/>\nen sloegen grutte gatten<br \/>\nen sjoch, d\u00ear wie de Potten.<\/p>\n<p>De oerhaal leit der fredich by,<br \/>\nmar is de fraach net foar hoe lang,<br \/>\nit duorret koart, it tij ferrint<br \/>\nfoar pont en baas yn it belang<br \/>\nfoar &#8217;t boeiend jachtsjen nei de heechste ear<br \/>\nfoar dy&#8217;t yn &#8217;t swittend s\u00e2lt bebiten binne<br \/>\nop &#8217;t skerpst fan jacht en sk\u00fbtsje,<br \/>\njildt inkeld noch de wedstriidlear,<br \/>\ngjin hurde striid lykas foarhinne<br \/>\nby &#8217;t graven fan de djippe gatten<br \/>\nen sjoch, d\u00ear leit de Potten.<\/p>\n<p><img loading=\"lazy\" decoding=\"async\" title=\"Image\" src=\"http:\/\/www.tjerkstra.com\/images\/stories\/deiboek\/ynternet_100_0378.jpg\" alt=\"Image\" width=\"450\" height=\"338\" border=\"0\" hspace=\"6\" \/><\/td>\n<\/tr>\n<\/tbody>\n<\/table>\n","protected":false},"excerpt":{"rendered":"<p>moandei, 11 july 2005 De oerhaal leit der fredich by, nei&#8217;t jachtsjen fan de drokke snein ferr\u00fbn foar pont en baas it tij, dat streamde nei de lichte ta, dus hjoed begjint de dei mei wat de snein \u00fas biede moast, de r\u00east fan it bestean, dat ieuwenlyn hjir plak f\u00fbn hat en dine op [&hellip;]<\/p>\n","protected":false},"author":1,"featured_media":0,"comment_status":"closed","ping_status":"closed","sticky":false,"template":"","format":"standard","meta":{"footnotes":""},"categories":[3],"tags":[],"class_list":["post-164","post","type-post","status-publish","format-standard","hentry","category-lyrysk-deiboek"],"_links":{"self":[{"href":"https:\/\/tjerkstra.com\/wordpress\/wp-json\/wp\/v2\/posts\/164","targetHints":{"allow":["GET"]}}],"collection":[{"href":"https:\/\/tjerkstra.com\/wordpress\/wp-json\/wp\/v2\/posts"}],"about":[{"href":"https:\/\/tjerkstra.com\/wordpress\/wp-json\/wp\/v2\/types\/post"}],"author":[{"embeddable":true,"href":"https:\/\/tjerkstra.com\/wordpress\/wp-json\/wp\/v2\/users\/1"}],"replies":[{"embeddable":true,"href":"https:\/\/tjerkstra.com\/wordpress\/wp-json\/wp\/v2\/comments?post=164"}],"version-history":[{"count":1,"href":"https:\/\/tjerkstra.com\/wordpress\/wp-json\/wp\/v2\/posts\/164\/revisions"}],"predecessor-version":[{"id":165,"href":"https:\/\/tjerkstra.com\/wordpress\/wp-json\/wp\/v2\/posts\/164\/revisions\/165"}],"wp:attachment":[{"href":"https:\/\/tjerkstra.com\/wordpress\/wp-json\/wp\/v2\/media?parent=164"}],"wp:term":[{"taxonomy":"category","embeddable":true,"href":"https:\/\/tjerkstra.com\/wordpress\/wp-json\/wp\/v2\/categories?post=164"},{"taxonomy":"post_tag","embeddable":true,"href":"https:\/\/tjerkstra.com\/wordpress\/wp-json\/wp\/v2\/tags?post=164"}],"curies":[{"name":"wp","href":"https:\/\/api.w.org\/{rel}","templated":true}]}}