{"id":1229,"date":"2016-10-01T19:01:41","date_gmt":"2016-10-01T19:01:41","guid":{"rendered":"http:\/\/www.tjerkstra.com\/wordpress\/?p=1229"},"modified":"2016-10-01T19:01:41","modified_gmt":"2016-10-01T19:01:41","slug":"ballade-fan-de-snitser-deaden","status":"publish","type":"post","link":"https:\/\/tjerkstra.com\/wordpress\/lyrysk-deiboek\/ballade-fan-de-snitser-deaden\/","title":{"rendered":"Ballade fan de Snitser deaden"},"content":{"rendered":"<table class=\"contentpaneopen\">\n<tbody>\n<tr>\n<td class=\"contentheading\" width=\"100%\"><\/td>\n<td class=\"buttonheading\" align=\"right\" width=\"100%\"><a title=\"PDF\"> <img decoding=\"async\" src=\"http:\/\/www.tjerkstra.com\/images\/M_images\/pdf_button.png\" alt=\"PDF\" name=\"image\" align=\"middle\" border=\"0\" \/> <\/a><\/td>\n<td class=\"buttonheading\" align=\"right\" width=\"100%\"><a title=\"Print\"> <img decoding=\"async\" src=\"http:\/\/www.tjerkstra.com\/images\/M_images\/printButton.png\" alt=\"Print\" name=\"image\" align=\"middle\" border=\"0\" \/> <\/a><\/td>\n<td class=\"buttonheading\" align=\"right\" width=\"100%\"><a title=\"E-mail\"> <img decoding=\"async\" src=\"http:\/\/www.tjerkstra.com\/images\/M_images\/emailButton.png\" alt=\"E-mail\" name=\"image\" align=\"middle\" border=\"0\" \/> <\/a><\/td>\n<\/tr>\n<\/tbody>\n<\/table>\n<table class=\"contentpaneopen\">\n<tbody>\n<tr>\n<td colspan=\"2\" valign=\"top\">W\u00ear ha de Snitsers har plak krigen<br \/>\nnei&#8217;t it libben joech de geast,<br \/>\nw\u00ear binne al dy deade-rigen<br \/>\nd\u00ear&#8217;t it libben fynt de treast?<\/p>\n<p>1400<br \/>\nYn kleasters wiene de kapellen<br \/>\nen de h\u00f4ven b\u00fbtendoar,<br \/>\nde Johanniters hiene sellen<br \/>\ntichteby it noarder spoar.<\/p>\n<p>1500<br \/>\nDoe&#8217;t tsjerken noch de toan oanjoegen,<br \/>\nklonken klokken dreunend dr\u00f4f,<br \/>\nde rike waard yn tsjerke droegen,<br \/>\nb\u00fbnte earmoed kaam op &#8217;t h\u00f4f.<\/p>\n<p>1520<br \/>\nW\u00ear ha se Grutte Pier begroeven,<br \/>\ndoe&#8217;t er letter Snitser waard?<br \/>\nHy hearde net by Rap syn boeven,<br \/>\nkaam dus yn it tsjerkepaad.<\/p>\n<p>1823<br \/>\nDe Snitser Joaden hiene oare riten<br \/>\nby &#8217;t begraven fan it lyk,<br \/>\nde wyk yn &#8217;t easten, sa&#8217;t jim wite,<br \/>\nwie har eigen deaderyk.<\/p>\n<p><img loading=\"lazy\" decoding=\"async\" title=\"Image\" src=\"http:\/\/www.tjerkstra.com\/images\/stories\/deiboek2\/ynternet100_3449.jpg\" alt=\"Image\" width=\"450\" height=\"338\" border=\"0\" hspace=\"6\" \/><\/p>\n<p>1825<br \/>\nMei stoarm en springtij kaam it wetter<br \/>\noer de dyk, oan &#8217;t dakspant ta<br \/>\nen &#8217;t wie noch mar in skoftke letter,<br \/>\ndoe briek \u00fat de goalera.<\/p>\n<p>1827<br \/>\nMei mear as trijeh\u00fbndert deaden<br \/>\nlette elke dei de klok,<br \/>\nhoe&#8217;t it libben yn de dea ferkearde,<br \/>\nkaam op Snitsers oer as flok.<\/p>\n<p>It \u00e2lde tsjerkh\u00f4f waard doe sletten,<br \/>\noanstampt mei semint en kalk,<br \/>\nde wet oangeande de besmetting<br \/>\njoech beskerming foar it folk.<\/p>\n<p>De deade lykwols waard ferballe<br \/>\n\u00fat &#8216;e Snitser mienskip wei,<br \/>\nit nije tsjerkh\u00f4f kaam doe folle<br \/>\nfierder, d\u00ear&#8217;t de greide lei.<\/p>\n<p><img loading=\"lazy\" decoding=\"async\" title=\"Image\" src=\"http:\/\/www.tjerkstra.com\/images\/stories\/deiboek2\/ynternet100_3452.jpg\" alt=\"Image\" width=\"450\" height=\"338\" border=\"0\" hspace=\"6\" \/><\/p>\n<p>1892<br \/>\nDe katoliken f\u00fbnen &#8217;t nije<br \/>\ntsjerkh\u00f4f fierste algemien,<br \/>\nse woene &#8217;t eigen h\u00f4f ynwije,<br \/>\nha dat jierren letter dien.<\/p>\n<p><img loading=\"lazy\" decoding=\"async\" title=\"Image\" src=\"http:\/\/www.tjerkstra.com\/images\/stories\/deiboek2\/ynternet100_3446.jpg\" alt=\"Image\" width=\"338\" height=\"450\" border=\"0\" hspace=\"6\" \/><\/p>\n<p>1981<br \/>\nMei trije h\u00f4ven foar ien mienskip<br \/>\nwie de romte noch te min<br \/>\nen d\u00earom kaam de rie mei &#8217;t boadskip:<br \/>\n\u00fatbou as in nij begjin.<\/p>\n<p>En w\u00ear&#8217;t de gravers doe op stjitten,<br \/>\nd\u00earmei is de r\u00fbnte ticht,<br \/>\nin muorre fan de Johanniters,<br \/>\nharren h\u00f4f kaam ek yn &#8217;t sicht.<\/td>\n<\/tr>\n<\/tbody>\n<\/table>\n","protected":false},"excerpt":{"rendered":"<p>W\u00ear ha de Snitsers har plak krigen nei&#8217;t it libben joech de geast, w\u00ear binne al dy deade-rigen d\u00ear&#8217;t it libben fynt de treast? 1400 Yn kleasters wiene de kapellen en de h\u00f4ven b\u00fbtendoar, de Johanniters hiene sellen tichteby it noarder spoar. 1500 Doe&#8217;t tsjerken noch de toan oanjoegen, klonken klokken dreunend dr\u00f4f, de rike [&hellip;]<\/p>\n","protected":false},"author":1,"featured_media":0,"comment_status":"closed","ping_status":"closed","sticky":false,"template":"","format":"standard","meta":{"footnotes":""},"categories":[3],"tags":[],"class_list":["post-1229","post","type-post","status-publish","format-standard","hentry","category-lyrysk-deiboek"],"_links":{"self":[{"href":"https:\/\/tjerkstra.com\/wordpress\/wp-json\/wp\/v2\/posts\/1229","targetHints":{"allow":["GET"]}}],"collection":[{"href":"https:\/\/tjerkstra.com\/wordpress\/wp-json\/wp\/v2\/posts"}],"about":[{"href":"https:\/\/tjerkstra.com\/wordpress\/wp-json\/wp\/v2\/types\/post"}],"author":[{"embeddable":true,"href":"https:\/\/tjerkstra.com\/wordpress\/wp-json\/wp\/v2\/users\/1"}],"replies":[{"embeddable":true,"href":"https:\/\/tjerkstra.com\/wordpress\/wp-json\/wp\/v2\/comments?post=1229"}],"version-history":[{"count":1,"href":"https:\/\/tjerkstra.com\/wordpress\/wp-json\/wp\/v2\/posts\/1229\/revisions"}],"predecessor-version":[{"id":1230,"href":"https:\/\/tjerkstra.com\/wordpress\/wp-json\/wp\/v2\/posts\/1229\/revisions\/1230"}],"wp:attachment":[{"href":"https:\/\/tjerkstra.com\/wordpress\/wp-json\/wp\/v2\/media?parent=1229"}],"wp:term":[{"taxonomy":"category","embeddable":true,"href":"https:\/\/tjerkstra.com\/wordpress\/wp-json\/wp\/v2\/categories?post=1229"},{"taxonomy":"post_tag","embeddable":true,"href":"https:\/\/tjerkstra.com\/wordpress\/wp-json\/wp\/v2\/tags?post=1229"}],"curies":[{"name":"wp","href":"https:\/\/api.w.org\/{rel}","templated":true}]}}