{"id":1139,"date":"2016-09-30T19:20:30","date_gmt":"2016-09-30T19:20:30","guid":{"rendered":"http:\/\/www.tjerkstra.com\/wordpress\/?p=1139"},"modified":"2016-09-30T19:20:30","modified_gmt":"2016-09-30T19:20:30","slug":"ferskil-yn-kar","status":"publish","type":"post","link":"https:\/\/tjerkstra.com\/wordpress\/bibelbylden\/ferskil-yn-kar\/","title":{"rendered":"Ferskil yn kar"},"content":{"rendered":"<table class=\"contentpaneopen\">\n<tbody>\n<tr>\n<td class=\"contentheading\" width=\"100%\"><\/td>\n<td class=\"buttonheading\" align=\"right\" width=\"100%\"><a title=\"PDF\"> <img decoding=\"async\" src=\"http:\/\/www.tjerkstra.com\/images\/M_images\/pdf_button.png\" alt=\"PDF\" name=\"image\" align=\"middle\" border=\"0\" \/> <\/a><\/td>\n<td class=\"buttonheading\" align=\"right\" width=\"100%\"><a title=\"Print\"> <img decoding=\"async\" src=\"http:\/\/www.tjerkstra.com\/images\/M_images\/printButton.png\" alt=\"Print\" name=\"image\" align=\"middle\" border=\"0\" \/> <\/a><\/td>\n<td class=\"buttonheading\" align=\"right\" width=\"100%\"><a title=\"E-mail\"> <img decoding=\"async\" src=\"http:\/\/www.tjerkstra.com\/images\/M_images\/emailButton.png\" alt=\"E-mail\" name=\"image\" align=\"middle\" border=\"0\" \/> <\/a><\/td>\n<\/tr>\n<\/tbody>\n<\/table>\n<table class=\"contentpaneopen\">\n<tbody>\n<tr>\n<td colspan=\"2\" valign=\"top\"><em>fan Gustave Dor\u00e9*<br \/>\n<\/em><br \/>\nIt trof har yn it frjemde l\u00e2n,<br \/>\nNo\u00f6my as in allochtoan<br \/>\ndy&#8217;t oerbleau s\u00fbnder man en soan,<br \/>\nse hie d\u00ear trije klappen h\u00e2n.<\/p>\n<p>It trof, want yn har memmel\u00e2n<br \/>\nbeg\u00fbn de groei lykas it wie<br \/>\nyn earder tiid, No\u00f6my hie<br \/>\nit mei har twadde l\u00e2n wol h\u00e2n.<\/p>\n<p>Doe reizgen trije widdo&#8217;s \u00f4f,<br \/>\nwant Ruth en Orpa giene mei<br \/>\noant \u00fbnderweis har skoanmem sei:<br \/>\n&#8216;Kear om, bliuw jim net yn de rou.&#8217;<\/p>\n<p>Dat wurd trof Orpa yn it hert,<br \/>\nsy gie wer nei har memmel\u00e2n,<br \/>\nmar Ruth hold by har skoanmem st\u00e2n,<br \/>\nsy fielde oan in grut ferlet.<\/p>\n<p><img loading=\"lazy\" decoding=\"async\" title=\"Image\" src=\"http:\/\/www.tjerkstra.com\/images\/stories\/deiboek6\/tn_scan284.jpg\" alt=\"Image\" width=\"355\" height=\"450\" border=\"0\" hspace=\"6\" \/><\/p>\n<p>It frjemde l\u00e2n wie as fan har,<br \/>\nsy dielden yn itselde lot,<br \/>\nfoar beide wie de Iene God,<br \/>\nnei trije klappen klonk har kar.<\/p>\n<p><em>* Gustave Dor\u00e9 (1833-1883)<br \/>\nYllustraasje &#8216;No\u00f6mi en har skoandochters&#8217;<\/em><\/td>\n<\/tr>\n<\/tbody>\n<\/table>\n","protected":false},"excerpt":{"rendered":"<p>fan Gustave Dor\u00e9* It trof har yn it frjemde l\u00e2n, No\u00f6my as in allochtoan dy&#8217;t oerbleau s\u00fbnder man en soan, se hie d\u00ear trije klappen h\u00e2n. It trof, want yn har memmel\u00e2n beg\u00fbn de groei lykas it wie yn earder tiid, No\u00f6my hie it mei har twadde l\u00e2n wol h\u00e2n. Doe reizgen trije widdo&#8217;s \u00f4f, [&hellip;]<\/p>\n","protected":false},"author":1,"featured_media":0,"comment_status":"closed","ping_status":"closed","sticky":false,"template":"","format":"standard","meta":{"footnotes":""},"categories":[4],"tags":[],"class_list":["post-1139","post","type-post","status-publish","format-standard","hentry","category-bibelbylden"],"_links":{"self":[{"href":"https:\/\/tjerkstra.com\/wordpress\/wp-json\/wp\/v2\/posts\/1139","targetHints":{"allow":["GET"]}}],"collection":[{"href":"https:\/\/tjerkstra.com\/wordpress\/wp-json\/wp\/v2\/posts"}],"about":[{"href":"https:\/\/tjerkstra.com\/wordpress\/wp-json\/wp\/v2\/types\/post"}],"author":[{"embeddable":true,"href":"https:\/\/tjerkstra.com\/wordpress\/wp-json\/wp\/v2\/users\/1"}],"replies":[{"embeddable":true,"href":"https:\/\/tjerkstra.com\/wordpress\/wp-json\/wp\/v2\/comments?post=1139"}],"version-history":[{"count":1,"href":"https:\/\/tjerkstra.com\/wordpress\/wp-json\/wp\/v2\/posts\/1139\/revisions"}],"predecessor-version":[{"id":1140,"href":"https:\/\/tjerkstra.com\/wordpress\/wp-json\/wp\/v2\/posts\/1139\/revisions\/1140"}],"wp:attachment":[{"href":"https:\/\/tjerkstra.com\/wordpress\/wp-json\/wp\/v2\/media?parent=1139"}],"wp:term":[{"taxonomy":"category","embeddable":true,"href":"https:\/\/tjerkstra.com\/wordpress\/wp-json\/wp\/v2\/categories?post=1139"},{"taxonomy":"post_tag","embeddable":true,"href":"https:\/\/tjerkstra.com\/wordpress\/wp-json\/wp\/v2\/tags?post=1139"}],"curies":[{"name":"wp","href":"https:\/\/api.w.org\/{rel}","templated":true}]}}