{"id":11359,"date":"2018-03-16T16:37:13","date_gmt":"2018-03-16T16:37:13","guid":{"rendered":"http:\/\/www.tjerkstra.com\/wordpress\/?p=11359"},"modified":"2018-03-21T17:26:51","modified_gmt":"2018-03-21T17:26:51","slug":"barjonges","status":"publish","type":"post","link":"https:\/\/tjerkstra.com\/wordpress\/skutsjesilen\/barjonges\/","title":{"rendered":"Barjonges"},"content":{"rendered":"<p>Ut it sk\u00fbtsje-argyf 2014<\/p>\n<p>Se r\u00fbnen oan de bar foarby,<br \/>\ngjin sin noch oan in slok of hap,<br \/>\nit folk wie nei de striid op stap,<br \/>\nde earste sk\u00fbtsjesilerij.<\/p>\n<p>De jonges fan de kofjebar<br \/>\nen wat der oars te heljen foel,<br \/>\nferruilen nei in skoft de stoel<br \/>\nfoar &#8217;t wetterspul, in koele kar.<\/p>\n<p><img loading=\"lazy\" decoding=\"async\" title=\"Image\" src=\"http:\/\/www.tjerkstra.com\/images\/stories\/deiboek6\/tn_p1000308.jpg\" alt=\"Image\" width=\"450\" height=\"183\" border=\"0\" hspace=\"6\" \/><\/p>\n<p>Se seagen net hoe&#8217;t op &#8216;e Ie<br \/>\nde start krekt in parade wie<br \/>\nen hoe&#8217;t Langwar in foarsprong naam,<br \/>\nde SWH as twadde kaam.<\/p>\n<p>De start fan Grou en Earnew\u00e2ld<br \/>\nliet harren as in iisko k\u00e2ld,<br \/>\nhoe&#8217;t Huzum as in hazze r\u00fbn,<br \/>\nhat har net foar it silen w\u00fbn.<\/p>\n<p>Mar nei de sk\u00fbtsjesilerij<br \/>\nwie &#8217;t mei it spul ynienen ho,<br \/>\nse stielen earst noch gau de show,<br \/>\ndoe r\u00fbn gjinien samar foarby.<\/p>\n<p><img loading=\"lazy\" decoding=\"async\" title=\"Image\" src=\"http:\/\/www.tjerkstra.com\/images\/stories\/deiboek6\/tn_p1000321.jpg\" alt=\"Image\" width=\"450\" height=\"338\" border=\"0\" hspace=\"6\" \/><\/p>\n","protected":false},"excerpt":{"rendered":"<p>Ut it sk\u00fbtsje-argyf 2014 Se r\u00fbnen oan de bar foarby, gjin sin noch oan in slok of hap, it folk wie nei de striid op stap, de earste sk\u00fbtsjesilerij. De jonges fan de kofjebar en wat der oars te heljen foel, ferruilen nei in skoft de stoel foar &#8217;t wetterspul, in koele kar. Se seagen [&hellip;]<\/p>\n","protected":false},"author":1,"featured_media":0,"comment_status":"closed","ping_status":"closed","sticky":false,"template":"","format":"standard","meta":{"footnotes":""},"categories":[10],"tags":[],"class_list":["post-11359","post","type-post","status-publish","format-standard","hentry","category-skutsjesilen"],"_links":{"self":[{"href":"https:\/\/tjerkstra.com\/wordpress\/wp-json\/wp\/v2\/posts\/11359","targetHints":{"allow":["GET"]}}],"collection":[{"href":"https:\/\/tjerkstra.com\/wordpress\/wp-json\/wp\/v2\/posts"}],"about":[{"href":"https:\/\/tjerkstra.com\/wordpress\/wp-json\/wp\/v2\/types\/post"}],"author":[{"embeddable":true,"href":"https:\/\/tjerkstra.com\/wordpress\/wp-json\/wp\/v2\/users\/1"}],"replies":[{"embeddable":true,"href":"https:\/\/tjerkstra.com\/wordpress\/wp-json\/wp\/v2\/comments?post=11359"}],"version-history":[{"count":1,"href":"https:\/\/tjerkstra.com\/wordpress\/wp-json\/wp\/v2\/posts\/11359\/revisions"}],"predecessor-version":[{"id":11360,"href":"https:\/\/tjerkstra.com\/wordpress\/wp-json\/wp\/v2\/posts\/11359\/revisions\/11360"}],"wp:attachment":[{"href":"https:\/\/tjerkstra.com\/wordpress\/wp-json\/wp\/v2\/media?parent=11359"}],"wp:term":[{"taxonomy":"category","embeddable":true,"href":"https:\/\/tjerkstra.com\/wordpress\/wp-json\/wp\/v2\/categories?post=11359"},{"taxonomy":"post_tag","embeddable":true,"href":"https:\/\/tjerkstra.com\/wordpress\/wp-json\/wp\/v2\/tags?post=11359"}],"curies":[{"name":"wp","href":"https:\/\/api.w.org\/{rel}","templated":true}]}}