{"id":11351,"date":"2018-03-14T18:37:27","date_gmt":"2018-03-14T18:37:27","guid":{"rendered":"http:\/\/www.tjerkstra.com\/wordpress\/?p=11351"},"modified":"2018-03-14T18:37:27","modified_gmt":"2018-03-14T18:37:27","slug":"it-hoecht-net-mear","status":"publish","type":"post","link":"https:\/\/tjerkstra.com\/wordpress\/skutsjesilen\/it-hoecht-net-mear\/","title":{"rendered":"It hoecht net mear"},"content":{"rendered":"<p>Ut it sk\u00fbtsje-argyf 2013<\/p>\n<p>It hoecht net mear, it is bekend,<br \/>\nde wetterpoarte kampioen,<br \/>\nd\u00ear rekket Frysl\u00e2n al oan wend,<br \/>\nacht kear hat Snits de wimpel w\u00fbn.<\/p>\n<p><img loading=\"lazy\" decoding=\"async\" title=\"Image\" src=\"http:\/\/www.tjerkstra.com\/images\/stories\/deiboek6\/tn_img_0098.jpg\" alt=\"Image\" width=\"450\" height=\"338\" border=\"0\" hspace=\"6\" \/><\/p>\n<p>Mar w\u00earom net? In moaie moarn,<br \/>\nin skjinne loft foar sinneskyn,<br \/>\nde sk\u00fbtsjes komme br\u00fbzjend oan<br \/>\nen op &#8216;e Snitser mar stiet wyn.<\/p>\n<p>In moaie middei, want it waait,<br \/>\nal winsken skippers wol kr\u00eaft fiif,<br \/>\nomdat de wyn dan minder draait<br \/>\nen sparret nekke, ek it liif.<\/p>\n<p><img loading=\"lazy\" decoding=\"async\" title=\"Image\" src=\"http:\/\/www.tjerkstra.com\/images\/stories\/deiboek6\/tn_img_0103.jpg\" alt=\"Image\" width=\"338\" height=\"450\" border=\"0\" hspace=\"6\" \/><\/p>\n<p>It hoecht net mear, &#8217;t gewear jout oan<br \/>\nde ein fan &#8217;t wikseljend seizoen,<br \/>\nde Snitser wedstriid is ferstoarn,<br \/>\nSnits sels is lykwols kampioen.<\/p>\n<p><img loading=\"lazy\" decoding=\"async\" title=\"Image\" src=\"http:\/\/www.tjerkstra.com\/images\/stories\/deiboek6\/tn_img_0104.jpg\" alt=\"Image\" width=\"338\" height=\"450\" border=\"0\" hspace=\"6\" \/><\/p>\n","protected":false},"excerpt":{"rendered":"<p>Ut it sk\u00fbtsje-argyf 2013 It hoecht net mear, it is bekend, de wetterpoarte kampioen, d\u00ear rekket Frysl\u00e2n al oan wend, acht kear hat Snits de wimpel w\u00fbn. Mar w\u00earom net? In moaie moarn, in skjinne loft foar sinneskyn, de sk\u00fbtsjes komme br\u00fbzjend oan en op &#8216;e Snitser mar stiet wyn. In moaie middei, want it [&hellip;]<\/p>\n","protected":false},"author":1,"featured_media":0,"comment_status":"closed","ping_status":"closed","sticky":false,"template":"","format":"standard","meta":{"footnotes":""},"categories":[10],"tags":[],"class_list":["post-11351","post","type-post","status-publish","format-standard","hentry","category-skutsjesilen"],"_links":{"self":[{"href":"https:\/\/tjerkstra.com\/wordpress\/wp-json\/wp\/v2\/posts\/11351","targetHints":{"allow":["GET"]}}],"collection":[{"href":"https:\/\/tjerkstra.com\/wordpress\/wp-json\/wp\/v2\/posts"}],"about":[{"href":"https:\/\/tjerkstra.com\/wordpress\/wp-json\/wp\/v2\/types\/post"}],"author":[{"embeddable":true,"href":"https:\/\/tjerkstra.com\/wordpress\/wp-json\/wp\/v2\/users\/1"}],"replies":[{"embeddable":true,"href":"https:\/\/tjerkstra.com\/wordpress\/wp-json\/wp\/v2\/comments?post=11351"}],"version-history":[{"count":1,"href":"https:\/\/tjerkstra.com\/wordpress\/wp-json\/wp\/v2\/posts\/11351\/revisions"}],"predecessor-version":[{"id":11352,"href":"https:\/\/tjerkstra.com\/wordpress\/wp-json\/wp\/v2\/posts\/11351\/revisions\/11352"}],"wp:attachment":[{"href":"https:\/\/tjerkstra.com\/wordpress\/wp-json\/wp\/v2\/media?parent=11351"}],"wp:term":[{"taxonomy":"category","embeddable":true,"href":"https:\/\/tjerkstra.com\/wordpress\/wp-json\/wp\/v2\/categories?post=11351"},{"taxonomy":"post_tag","embeddable":true,"href":"https:\/\/tjerkstra.com\/wordpress\/wp-json\/wp\/v2\/tags?post=11351"}],"curies":[{"name":"wp","href":"https:\/\/api.w.org\/{rel}","templated":true}]}}