{"id":1131,"date":"2016-09-30T19:15:32","date_gmt":"2016-09-30T19:15:32","guid":{"rendered":"http:\/\/www.tjerkstra.com\/wordpress\/?p=1131"},"modified":"2016-09-30T19:15:32","modified_gmt":"2016-09-30T19:15:32","slug":"bline-wraak","status":"publish","type":"post","link":"https:\/\/tjerkstra.com\/wordpress\/bibelbylden\/bline-wraak\/","title":{"rendered":"Bline wraak"},"content":{"rendered":"<table class=\"contentpaneopen\">\n<tbody>\n<tr>\n<td class=\"contentheading\" width=\"100%\"><\/td>\n<td class=\"buttonheading\" align=\"right\" width=\"100%\"><a title=\"PDF\"> <img decoding=\"async\" src=\"http:\/\/www.tjerkstra.com\/images\/M_images\/pdf_button.png\" alt=\"PDF\" name=\"image\" align=\"middle\" border=\"0\" \/> <\/a><\/td>\n<td class=\"buttonheading\" align=\"right\" width=\"100%\"><a title=\"Print\"> <img decoding=\"async\" src=\"http:\/\/www.tjerkstra.com\/images\/M_images\/printButton.png\" alt=\"Print\" name=\"image\" align=\"middle\" border=\"0\" \/> <\/a><\/td>\n<td class=\"buttonheading\" align=\"right\" width=\"100%\"><a title=\"E-mail\"> <img decoding=\"async\" src=\"http:\/\/www.tjerkstra.com\/images\/M_images\/emailButton.png\" alt=\"E-mail\" name=\"image\" align=\"middle\" border=\"0\" \/> <\/a><\/td>\n<\/tr>\n<\/tbody>\n<\/table>\n<table class=\"contentpaneopen\">\n<tbody>\n<tr>\n<td colspan=\"2\" valign=\"top\"><em>fan Gustave Dor\u00e9*<br \/>\n<\/em><br \/>\nTweintich jier wie Simson rjochter,<br \/>\nin jubileum yn de finzenis?<br \/>\nSyn tast\u00e2n makke him \u00fbnwis,<br \/>\nhoe waard er blyn noch fjochter?<\/p>\n<p>R\u00fbnom hearde hy de l\u00fbden<br \/>\nfan &#8217;t Filistynske folk mei feestlik moed,<br \/>\nit fielde foar himsels net goed,<br \/>\n&#8217;t gefoel dat geasten woeden.<\/p>\n<p>Nei de timpel waard er helle,<br \/>\nj\u00fbchhei en laitsjen foelen op him del,<br \/>\ndit wie noch slimmer as syn sel,<br \/>\nd\u00ear koed er stappen telle.<\/p>\n<p>&#8216;Lit my,&#8217; sei er tsjin de jonge,<br \/>\n&#8216;de pylders fiele, want dan ha ik r\u00east.&#8217;<br \/>\nSa kriich er wer syn \u00e2ld h\u00e2ldf\u00east,<br \/>\nwylst trijet\u00fbzen songen.<\/p>\n<p>&#8216;Jou my,&#8217; bea er oan de Iene,<br \/>\n&#8216;myn kr\u00eaften foar de bline wraak werom.&#8217;<br \/>\nDoe treau er beide pylders om,<br \/>\nd\u00earmei de Filistinen.<\/p>\n<p><img loading=\"lazy\" decoding=\"async\" title=\"Image\" src=\"http:\/\/www.tjerkstra.com\/images\/stories\/deiboek6\/tn_scan268.jpg\" alt=\"Image\" width=\"357\" height=\"450\" border=\"0\" hspace=\"6\" \/><\/p>\n<p><em>* Gustave Dor\u00e9 (1833-1883)<br \/>\nYllustraasje &#8216;Simsons dea&#8217;<br \/>\n<\/em><\/td>\n<\/tr>\n<\/tbody>\n<\/table>\n","protected":false},"excerpt":{"rendered":"<p>fan Gustave Dor\u00e9* Tweintich jier wie Simson rjochter, in jubileum yn de finzenis? Syn tast\u00e2n makke him \u00fbnwis, hoe waard er blyn noch fjochter? R\u00fbnom hearde hy de l\u00fbden fan &#8217;t Filistynske folk mei feestlik moed, it fielde foar himsels net goed, &#8217;t gefoel dat geasten woeden. Nei de timpel waard er helle, j\u00fbchhei en [&hellip;]<\/p>\n","protected":false},"author":1,"featured_media":0,"comment_status":"closed","ping_status":"closed","sticky":false,"template":"","format":"standard","meta":{"footnotes":""},"categories":[4],"tags":[],"class_list":["post-1131","post","type-post","status-publish","format-standard","hentry","category-bibelbylden"],"_links":{"self":[{"href":"https:\/\/tjerkstra.com\/wordpress\/wp-json\/wp\/v2\/posts\/1131","targetHints":{"allow":["GET"]}}],"collection":[{"href":"https:\/\/tjerkstra.com\/wordpress\/wp-json\/wp\/v2\/posts"}],"about":[{"href":"https:\/\/tjerkstra.com\/wordpress\/wp-json\/wp\/v2\/types\/post"}],"author":[{"embeddable":true,"href":"https:\/\/tjerkstra.com\/wordpress\/wp-json\/wp\/v2\/users\/1"}],"replies":[{"embeddable":true,"href":"https:\/\/tjerkstra.com\/wordpress\/wp-json\/wp\/v2\/comments?post=1131"}],"version-history":[{"count":1,"href":"https:\/\/tjerkstra.com\/wordpress\/wp-json\/wp\/v2\/posts\/1131\/revisions"}],"predecessor-version":[{"id":1132,"href":"https:\/\/tjerkstra.com\/wordpress\/wp-json\/wp\/v2\/posts\/1131\/revisions\/1132"}],"wp:attachment":[{"href":"https:\/\/tjerkstra.com\/wordpress\/wp-json\/wp\/v2\/media?parent=1131"}],"wp:term":[{"taxonomy":"category","embeddable":true,"href":"https:\/\/tjerkstra.com\/wordpress\/wp-json\/wp\/v2\/categories?post=1131"},{"taxonomy":"post_tag","embeddable":true,"href":"https:\/\/tjerkstra.com\/wordpress\/wp-json\/wp\/v2\/tags?post=1131"}],"curies":[{"name":"wp","href":"https:\/\/api.w.org\/{rel}","templated":true}]}}