{"id":11236,"date":"2018-02-16T16:31:49","date_gmt":"2018-02-16T16:31:49","guid":{"rendered":"http:\/\/www.tjerkstra.com\/wordpress\/?p=11236"},"modified":"2018-02-16T16:31:49","modified_gmt":"2018-02-16T16:31:49","slug":"einbeslut","status":"publish","type":"post","link":"https:\/\/tjerkstra.com\/wordpress\/skutsjesilen\/einbeslut\/","title":{"rendered":"Einbesl\u00fat"},"content":{"rendered":"<p>Ut it sk\u00fbtsje-argyf 2012<\/p>\n<p><img loading=\"lazy\" decoding=\"async\" title=\"Image\" src=\"http:\/\/www.tjerkstra.com\/images\/stories\/deiboek5\/tn_img_7969.jpg\" alt=\"Image\" width=\"450\" height=\"338\" border=\"0\" hspace=\"6\" \/><\/p>\n<p>It hat wer west, de striid is oer,<br \/>\nsintraal stiet hjoed de kampioen,<br \/>\nde Snitser Pan, net te besilen,<br \/>\nDouwe* hold yn &#8217;t each de d\u00fbbeltoer,<br \/>\nhat wer de blauwe wimpel w\u00fbn<br \/>\nen boppedat Olympysk spile.<\/p>\n<p>D\u00earachter lei de middenmoat,<br \/>\ngjin sicht mear op it Snitser grien,<br \/>\nmar wol op &#8217;t mearke op &#8216;e planke,<br \/>\ntrije lieten los de fokkeskoat,<br \/>\nde loetes waarden swier as stien,<br \/>\nallinnich troch &#8217;t Olympysk fanke.<\/p>\n<p><img loading=\"lazy\" decoding=\"async\" title=\"Image\" src=\"http:\/\/www.tjerkstra.com\/images\/stories\/deiboek5\/tn_img_7909.jpg\" alt=\"Image\" width=\"450\" height=\"218\" border=\"0\" hspace=\"6\" \/><\/p>\n<p>Fier achter lei it l\u00easte skip,<br \/>\nin skym yn de \u00fbneinichheid,<br \/>\nit koe de ein noch krekt besile:<br \/>\nHuzum leit syn sk\u00fbtsje op &#8216;e wip,<br \/>\nwat pake Lodewyk ek seit,<br \/>\nsyn rol is no foargoed \u00fatspile.<\/p>\n<p><img loading=\"lazy\" decoding=\"async\" title=\"Image\" src=\"http:\/\/www.tjerkstra.com\/images\/stories\/deiboek5\/tn_img_7960.jpg\" alt=\"Image\" width=\"450\" height=\"355\" border=\"0\" hspace=\"6\" \/><\/p>\n<p>* Douwe Visser<\/p>\n","protected":false},"excerpt":{"rendered":"<p>Ut it sk\u00fbtsje-argyf 2012 It hat wer west, de striid is oer, sintraal stiet hjoed de kampioen, de Snitser Pan, net te besilen, Douwe* hold yn &#8217;t each de d\u00fbbeltoer, hat wer de blauwe wimpel w\u00fbn en boppedat Olympysk spile. D\u00earachter lei de middenmoat, gjin sicht mear op it Snitser grien, mar wol op &#8217;t [&hellip;]<\/p>\n","protected":false},"author":1,"featured_media":0,"comment_status":"closed","ping_status":"closed","sticky":false,"template":"","format":"standard","meta":{"footnotes":""},"categories":[10],"tags":[],"class_list":["post-11236","post","type-post","status-publish","format-standard","hentry","category-skutsjesilen"],"_links":{"self":[{"href":"https:\/\/tjerkstra.com\/wordpress\/wp-json\/wp\/v2\/posts\/11236","targetHints":{"allow":["GET"]}}],"collection":[{"href":"https:\/\/tjerkstra.com\/wordpress\/wp-json\/wp\/v2\/posts"}],"about":[{"href":"https:\/\/tjerkstra.com\/wordpress\/wp-json\/wp\/v2\/types\/post"}],"author":[{"embeddable":true,"href":"https:\/\/tjerkstra.com\/wordpress\/wp-json\/wp\/v2\/users\/1"}],"replies":[{"embeddable":true,"href":"https:\/\/tjerkstra.com\/wordpress\/wp-json\/wp\/v2\/comments?post=11236"}],"version-history":[{"count":1,"href":"https:\/\/tjerkstra.com\/wordpress\/wp-json\/wp\/v2\/posts\/11236\/revisions"}],"predecessor-version":[{"id":11237,"href":"https:\/\/tjerkstra.com\/wordpress\/wp-json\/wp\/v2\/posts\/11236\/revisions\/11237"}],"wp:attachment":[{"href":"https:\/\/tjerkstra.com\/wordpress\/wp-json\/wp\/v2\/media?parent=11236"}],"wp:term":[{"taxonomy":"category","embeddable":true,"href":"https:\/\/tjerkstra.com\/wordpress\/wp-json\/wp\/v2\/categories?post=11236"},{"taxonomy":"post_tag","embeddable":true,"href":"https:\/\/tjerkstra.com\/wordpress\/wp-json\/wp\/v2\/tags?post=11236"}],"curies":[{"name":"wp","href":"https:\/\/api.w.org\/{rel}","templated":true}]}}