{"id":11229,"date":"2018-02-14T16:41:09","date_gmt":"2018-02-14T16:41:09","guid":{"rendered":"http:\/\/www.tjerkstra.com\/wordpress\/?p=11229"},"modified":"2018-02-14T16:41:09","modified_gmt":"2018-02-14T16:41:09","slug":"balansearje-2","status":"publish","type":"post","link":"https:\/\/tjerkstra.com\/wordpress\/skutsjesilen\/balansearje-2\/","title":{"rendered":"Balansearje"},"content":{"rendered":"<p>Ut it sk\u00fbtsje-argyf 2012<\/p>\n<p><img loading=\"lazy\" decoding=\"async\" title=\"Image\" src=\"http:\/\/www.tjerkstra.com\/images\/stories\/deiboek5\/tn_img_7786.jpg\" alt=\"Image\" width=\"450\" height=\"338\" border=\"0\" hspace=\"6\" \/><\/p>\n<p>De eagen geane fan de wolken,<br \/>\ndy&#8217;t br\u00fbzje by it swurkblau l\u00e2ns,<br \/>\nnei &#8217;t w\u00e2ljend wetter fan de Fluezen,<br \/>\nalles liket yn bal\u00e2ns.<\/p>\n<p><img loading=\"lazy\" decoding=\"async\" title=\"Image\" src=\"http:\/\/www.tjerkstra.com\/images\/stories\/deiboek5\/tn_img_7775.jpg\" alt=\"Image\" width=\"450\" height=\"338\" border=\"0\" hspace=\"6\" \/><\/p>\n<p>Mar sjoch de twirren oer de weagen,<br \/>\ngjin sk\u00fbtsje h\u00e2ldt de m\u00east hjoed rjocht,<br \/>\nde liuw moat hingje, wurdt bedrige,<br \/>\nwylst er earst wat striidnocht brocht.<\/p>\n<p><img loading=\"lazy\" decoding=\"async\" title=\"Image\" src=\"http:\/\/www.tjerkstra.com\/images\/stories\/deiboek5\/tn_img_7787.jpg\" alt=\"Image\" width=\"450\" height=\"338\" border=\"0\" hspace=\"6\" \/><\/p>\n<p>Elk moat wer b\u00fbge foar de poarte<br \/>\ndy&#8217;t beide tuorren heger stekt<br \/>\nen lykop br\u00fbzet mei de wolken,<br \/>\nyn bal\u00e2ns, sa is &#8217;t mar krekt.<\/p>\n<p>Korrekt is &#8217;t net fan de Centauer<br \/>\ndy&#8217;t yn it sk\u00fbtsjefjild fersylt<br \/>\nen balansearret tusken read en<br \/>\nbr\u00fan, in disharmonysk byld.<\/p>\n<p><img loading=\"lazy\" decoding=\"async\" title=\"Image\" src=\"http:\/\/www.tjerkstra.com\/images\/stories\/deiboek5\/tn_img_7803.jpg\" alt=\"Image\" width=\"450\" height=\"338\" border=\"0\" hspace=\"6\" \/><\/p>\n","protected":false},"excerpt":{"rendered":"<p>Ut it sk\u00fbtsje-argyf 2012 De eagen geane fan de wolken, dy&#8217;t br\u00fbzje by it swurkblau l\u00e2ns, nei &#8217;t w\u00e2ljend wetter fan de Fluezen, alles liket yn bal\u00e2ns. Mar sjoch de twirren oer de weagen, gjin sk\u00fbtsje h\u00e2ldt de m\u00east hjoed rjocht, de liuw moat hingje, wurdt bedrige, wylst er earst wat striidnocht brocht. Elk moat [&hellip;]<\/p>\n","protected":false},"author":1,"featured_media":0,"comment_status":"closed","ping_status":"closed","sticky":false,"template":"","format":"standard","meta":{"footnotes":""},"categories":[10],"tags":[],"class_list":["post-11229","post","type-post","status-publish","format-standard","hentry","category-skutsjesilen"],"_links":{"self":[{"href":"https:\/\/tjerkstra.com\/wordpress\/wp-json\/wp\/v2\/posts\/11229","targetHints":{"allow":["GET"]}}],"collection":[{"href":"https:\/\/tjerkstra.com\/wordpress\/wp-json\/wp\/v2\/posts"}],"about":[{"href":"https:\/\/tjerkstra.com\/wordpress\/wp-json\/wp\/v2\/types\/post"}],"author":[{"embeddable":true,"href":"https:\/\/tjerkstra.com\/wordpress\/wp-json\/wp\/v2\/users\/1"}],"replies":[{"embeddable":true,"href":"https:\/\/tjerkstra.com\/wordpress\/wp-json\/wp\/v2\/comments?post=11229"}],"version-history":[{"count":1,"href":"https:\/\/tjerkstra.com\/wordpress\/wp-json\/wp\/v2\/posts\/11229\/revisions"}],"predecessor-version":[{"id":11230,"href":"https:\/\/tjerkstra.com\/wordpress\/wp-json\/wp\/v2\/posts\/11229\/revisions\/11230"}],"wp:attachment":[{"href":"https:\/\/tjerkstra.com\/wordpress\/wp-json\/wp\/v2\/media?parent=11229"}],"wp:term":[{"taxonomy":"category","embeddable":true,"href":"https:\/\/tjerkstra.com\/wordpress\/wp-json\/wp\/v2\/categories?post=11229"},{"taxonomy":"post_tag","embeddable":true,"href":"https:\/\/tjerkstra.com\/wordpress\/wp-json\/wp\/v2\/tags?post=11229"}],"curies":[{"name":"wp","href":"https:\/\/api.w.org\/{rel}","templated":true}]}}