{"id":1122,"date":"2016-09-30T19:10:01","date_gmt":"2016-09-30T19:10:01","guid":{"rendered":"http:\/\/www.tjerkstra.com\/wordpress\/?p=1122"},"modified":"2016-09-30T19:10:01","modified_gmt":"2016-09-30T19:10:01","slug":"deryn-en-derut","status":"publish","type":"post","link":"https:\/\/tjerkstra.com\/wordpress\/bibelbylden\/deryn-en-derut\/","title":{"rendered":"Deryn en der\u00fat"},"content":{"rendered":"<table class=\"contentpaneopen\">\n<tbody>\n<tr>\n<td class=\"contentheading\" width=\"100%\"><\/td>\n<td class=\"buttonheading\" align=\"right\" width=\"100%\"><a title=\"PDF\"> <img decoding=\"async\" src=\"http:\/\/www.tjerkstra.com\/images\/M_images\/pdf_button.png\" alt=\"PDF\" name=\"image\" align=\"middle\" border=\"0\" \/> <\/a><\/td>\n<td class=\"buttonheading\" align=\"right\" width=\"100%\"><a title=\"Print\"> <img decoding=\"async\" src=\"http:\/\/www.tjerkstra.com\/images\/M_images\/printButton.png\" alt=\"Print\" name=\"image\" align=\"middle\" border=\"0\" \/> <\/a><\/td>\n<td class=\"buttonheading\" align=\"right\" width=\"100%\"><a title=\"E-mail\"> <img decoding=\"async\" src=\"http:\/\/www.tjerkstra.com\/images\/M_images\/emailButton.png\" alt=\"E-mail\" name=\"image\" align=\"middle\" border=\"0\" \/> <\/a><\/td>\n<\/tr>\n<\/tbody>\n<\/table>\n<table class=\"contentpaneopen\">\n<tbody>\n<tr>\n<td colspan=\"2\" valign=\"top\"><em>fan Belbello de Pavie*<br \/>\n<\/em><br \/>\n&#8217;t Ferlet dreau Simson binnen,<br \/>\nearst yn Gaza, fij\u00e2n-st\u00ead,<br \/>\nd\u00earnei by har, freondinne-hoer,<br \/>\ndy&#8217;t faak fernaam syn kr\u00eaft op b\u00ead,<br \/>\ndoe joech hy him oan &#8217;t sliepen oer.<\/p>\n<p>De skoattel op &#8216;e poarte<br \/>\nsleat it paad foar Simson \u00f4f;<br \/>\nsyn kr\u00eaft bleau achter by de hoer,<br \/>\nsa woe de st\u00ead fan dizze frou,<br \/>\nby deiljocht joech er him wol oer.<\/p>\n<p>Mar Simson waard al wekker<br \/>\ndoe&#8217;t de nacht op healwei wie,<br \/>\nwat koe it skele&#8230; dochs gjin moer?<br \/>\nHy wist nei b\u00fbten ta wol rie:<br \/>\nde doarren los, foar him gjin toer.<\/p>\n<p><img loading=\"lazy\" decoding=\"async\" title=\"Image\" src=\"http:\/\/www.tjerkstra.com\/images\/stories\/deiboek6\/tn_scan253.jpg\" alt=\"Image\" width=\"209\" height=\"450\" border=\"0\" hspace=\"6\" \/><br \/>\ndetail<\/p>\n<p><em>* Belbello de Pavie (sirka 1432-1462)<br \/>\nSkilderij &#8216;Simson sloopt de poarte fan Gaza&#8217; <\/em><\/td>\n<\/tr>\n<\/tbody>\n<\/table>\n","protected":false},"excerpt":{"rendered":"<p>fan Belbello de Pavie* &#8217;t Ferlet dreau Simson binnen, earst yn Gaza, fij\u00e2n-st\u00ead, d\u00earnei by har, freondinne-hoer, dy&#8217;t faak fernaam syn kr\u00eaft op b\u00ead, doe joech hy him oan &#8217;t sliepen oer. De skoattel op &#8216;e poarte sleat it paad foar Simson \u00f4f; syn kr\u00eaft bleau achter by de hoer, sa woe de st\u00ead fan [&hellip;]<\/p>\n","protected":false},"author":1,"featured_media":0,"comment_status":"closed","ping_status":"closed","sticky":false,"template":"","format":"standard","meta":{"footnotes":""},"categories":[4],"tags":[],"class_list":["post-1122","post","type-post","status-publish","format-standard","hentry","category-bibelbylden"],"_links":{"self":[{"href":"https:\/\/tjerkstra.com\/wordpress\/wp-json\/wp\/v2\/posts\/1122","targetHints":{"allow":["GET"]}}],"collection":[{"href":"https:\/\/tjerkstra.com\/wordpress\/wp-json\/wp\/v2\/posts"}],"about":[{"href":"https:\/\/tjerkstra.com\/wordpress\/wp-json\/wp\/v2\/types\/post"}],"author":[{"embeddable":true,"href":"https:\/\/tjerkstra.com\/wordpress\/wp-json\/wp\/v2\/users\/1"}],"replies":[{"embeddable":true,"href":"https:\/\/tjerkstra.com\/wordpress\/wp-json\/wp\/v2\/comments?post=1122"}],"version-history":[{"count":1,"href":"https:\/\/tjerkstra.com\/wordpress\/wp-json\/wp\/v2\/posts\/1122\/revisions"}],"predecessor-version":[{"id":1123,"href":"https:\/\/tjerkstra.com\/wordpress\/wp-json\/wp\/v2\/posts\/1122\/revisions\/1123"}],"wp:attachment":[{"href":"https:\/\/tjerkstra.com\/wordpress\/wp-json\/wp\/v2\/media?parent=1122"}],"wp:term":[{"taxonomy":"category","embeddable":true,"href":"https:\/\/tjerkstra.com\/wordpress\/wp-json\/wp\/v2\/categories?post=1122"},{"taxonomy":"post_tag","embeddable":true,"href":"https:\/\/tjerkstra.com\/wordpress\/wp-json\/wp\/v2\/tags?post=1122"}],"curies":[{"name":"wp","href":"https:\/\/api.w.org\/{rel}","templated":true}]}}