{"id":11213,"date":"2018-02-10T16:42:21","date_gmt":"2018-02-10T16:42:21","guid":{"rendered":"http:\/\/www.tjerkstra.com\/wordpress\/?p=11213"},"modified":"2018-02-10T16:42:21","modified_gmt":"2018-02-10T16:42:21","slug":"utspraken-fan-kajafas","status":"publish","type":"post","link":"https:\/\/tjerkstra.com\/wordpress\/bibelbylden\/utspraken-fan-kajafas\/","title":{"rendered":"Utspraken fan Kajafas"},"content":{"rendered":"<p><em>fan \u00fbnbekend*<\/p>\n<p><a href=\"https:\/\/tjerkstra.com\/wordpress\/wp-content\/uploads\/2018\/02\/Kajafas-1.jpg\"><img loading=\"lazy\" decoding=\"async\" class=\"alignnone size-medium wp-image-11215\" src=\"https:\/\/tjerkstra.com\/wordpress\/wp-content\/uploads\/2018\/02\/Kajafas-1-300x271.jpg\" alt=\"\" width=\"300\" height=\"271\" srcset=\"https:\/\/tjerkstra.com\/wordpress\/wp-content\/uploads\/2018\/02\/Kajafas-1-300x271.jpg 300w, https:\/\/tjerkstra.com\/wordpress\/wp-content\/uploads\/2018\/02\/Kajafas-1-79x71.jpg 79w, https:\/\/tjerkstra.com\/wordpress\/wp-content\/uploads\/2018\/02\/Kajafas-1.jpg 332w\" sizes=\"auto, (max-width: 300px) 100vw, 300px\" \/><\/a><br \/>\n<\/em><br \/>\nAs hegepryster fan de Hege Rie<br \/>\nha ik wol wat te sizzen,<br \/>\nsels \u00fbnder de Romeinen,<br \/>\nmar it wurd wurdt folge troch de die,<br \/>\nit sil net oan myn ynbring lizze.<\/p>\n<p>De tiding oer in man \u00fat Nazaret<br \/>\nhat minsken sprekke litten:<br \/>\n\u2018In deade waard wer libben!\u2019<br \/>\nSoks giet yn tsjin \u00fas ferst\u00e2n en wet,<br \/>\nmar \u2019t folk sil dat net gau ferjitte.<\/p>\n<p>De spanning yn Jeruzalem nimt ta:<br \/>\nin protte folk op strjitte<br \/>\nlit him yn \u2019t sok meislepe,<br \/>\nmar soks kinne wy as Rie net ha,<br \/>\nelk moat syn komst \u00fas witte litte.<\/p>\n<p>As hegepryster ha ik juster sein:<br \/>\n\u2018Lit him foar \u2019t folk mar stjerre,<br \/>\ndat is foar alles better!\u2019<br \/>\nStjerrend wier, de dea wurdt net ferslein<br \/>\ntroch him, lit dat r\u00fbnom mar hearre.<\/p>\n<p><em>* Yllustraasje \u2018Hegepryster Kajafas\u2019<br \/>\n<\/em><\/p>\n","protected":false},"excerpt":{"rendered":"<p>fan \u00fbnbekend* As hegepryster fan de Hege Rie ha ik wol wat te sizzen, sels \u00fbnder de Romeinen, mar it wurd wurdt folge troch de die, it sil net oan myn ynbring lizze. De tiding oer in man \u00fat Nazaret hat minsken sprekke litten: \u2018In deade waard wer libben!\u2019 Soks giet yn tsjin \u00fas ferst\u00e2n [&hellip;]<\/p>\n","protected":false},"author":1,"featured_media":0,"comment_status":"closed","ping_status":"closed","sticky":false,"template":"","format":"standard","meta":{"footnotes":""},"categories":[4],"tags":[],"class_list":["post-11213","post","type-post","status-publish","format-standard","hentry","category-bibelbylden"],"_links":{"self":[{"href":"https:\/\/tjerkstra.com\/wordpress\/wp-json\/wp\/v2\/posts\/11213","targetHints":{"allow":["GET"]}}],"collection":[{"href":"https:\/\/tjerkstra.com\/wordpress\/wp-json\/wp\/v2\/posts"}],"about":[{"href":"https:\/\/tjerkstra.com\/wordpress\/wp-json\/wp\/v2\/types\/post"}],"author":[{"embeddable":true,"href":"https:\/\/tjerkstra.com\/wordpress\/wp-json\/wp\/v2\/users\/1"}],"replies":[{"embeddable":true,"href":"https:\/\/tjerkstra.com\/wordpress\/wp-json\/wp\/v2\/comments?post=11213"}],"version-history":[{"count":2,"href":"https:\/\/tjerkstra.com\/wordpress\/wp-json\/wp\/v2\/posts\/11213\/revisions"}],"predecessor-version":[{"id":11216,"href":"https:\/\/tjerkstra.com\/wordpress\/wp-json\/wp\/v2\/posts\/11213\/revisions\/11216"}],"wp:attachment":[{"href":"https:\/\/tjerkstra.com\/wordpress\/wp-json\/wp\/v2\/media?parent=11213"}],"wp:term":[{"taxonomy":"category","embeddable":true,"href":"https:\/\/tjerkstra.com\/wordpress\/wp-json\/wp\/v2\/categories?post=11213"},{"taxonomy":"post_tag","embeddable":true,"href":"https:\/\/tjerkstra.com\/wordpress\/wp-json\/wp\/v2\/tags?post=11213"}],"curies":[{"name":"wp","href":"https:\/\/api.w.org\/{rel}","templated":true}]}}