{"id":11211,"date":"2018-02-09T17:47:05","date_gmt":"2018-02-09T17:47:05","guid":{"rendered":"http:\/\/www.tjerkstra.com\/wordpress\/?p=11211"},"modified":"2018-02-09T17:47:05","modified_gmt":"2018-02-09T17:47:05","slug":"terhernster-spoekskip","status":"publish","type":"post","link":"https:\/\/tjerkstra.com\/wordpress\/skutsjesilen\/terhernster-spoekskip\/","title":{"rendered":"Terhernster spoekskip"},"content":{"rendered":"<p>Ut it sk\u00fbtsje-argyf 2012<\/p>\n<p><img loading=\"lazy\" decoding=\"async\" title=\"Image\" src=\"http:\/\/www.tjerkstra.com\/images\/stories\/deiboek5\/tn_img_7657.jpg\" alt=\"Image\" width=\"450\" height=\"338\" border=\"0\" hspace=\"6\" \/><\/p>\n<p>It wie noch foar it grutte barren<br \/>\ndat it griene sk\u00fbtsje, lyts en \u00e2ld,<br \/>\nas spoekskip tusken grutten foer,<br \/>\nwant waard it Lemster waarm of k\u00e2ld<br \/>\nen soe it Snitser oan de ein ta farre?<\/p>\n<p><img loading=\"lazy\" decoding=\"async\" title=\"Image\" src=\"http:\/\/www.tjerkstra.com\/images\/stories\/deiboek5\/tn_img_7664.jpg\" alt=\"Image\" width=\"450\" height=\"338\" border=\"0\" hspace=\"6\" \/><\/p>\n<p>Se starten yn in lange rige,<br \/>\nkop oan kont, it skode yninoar<br \/>\nlykas it spoekskip hawwe woe:<br \/>\nit griene Snitser hie gjin kar<br \/>\nen hat it \u00fbngelok fan foaren krigen.<\/p>\n<p><img loading=\"lazy\" decoding=\"async\" title=\"Image\" src=\"http:\/\/www.tjerkstra.com\/images\/stories\/deiboek5\/tn_img_7670.jpg\" alt=\"Image\" width=\"450\" height=\"338\" border=\"0\" hspace=\"6\" \/><\/p>\n<p>De Lemmer lykwols die it better,<br \/>\nkrige wjukken, lei al gau foaroan,<br \/>\nmar woe it spoekskip dat sa ha?<br \/>\nIt r\u00f4p it brune nei de troan,<br \/>\ndat Earnew\u00e2ld waard hearsker oer it wetter.<\/p>\n<p>It lytse \u00e2lde griene skipke<br \/>\nwie yn &#8217;t wedstriidfjild net mear te sjen,<br \/>\nmar spoeke wol mei grien en br\u00fan,<br \/>\nsa ha de grienen it ferlern<br \/>\nen krige br\u00fan fan grien in ekstra wipke.<\/p>\n<p><img loading=\"lazy\" decoding=\"async\" title=\"Image\" src=\"http:\/\/www.tjerkstra.com\/images\/stories\/deiboek5\/tn_img_7677.jpg\" alt=\"Image\" width=\"450\" height=\"338\" border=\"0\" hspace=\"6\" \/><\/p>\n","protected":false},"excerpt":{"rendered":"<p>Ut it sk\u00fbtsje-argyf 2012 It wie noch foar it grutte barren dat it griene sk\u00fbtsje, lyts en \u00e2ld, as spoekskip tusken grutten foer, want waard it Lemster waarm of k\u00e2ld en soe it Snitser oan de ein ta farre? Se starten yn in lange rige, kop oan kont, it skode yninoar lykas it spoekskip hawwe [&hellip;]<\/p>\n","protected":false},"author":1,"featured_media":0,"comment_status":"closed","ping_status":"closed","sticky":false,"template":"","format":"standard","meta":{"footnotes":""},"categories":[10],"tags":[],"class_list":["post-11211","post","type-post","status-publish","format-standard","hentry","category-skutsjesilen"],"_links":{"self":[{"href":"https:\/\/tjerkstra.com\/wordpress\/wp-json\/wp\/v2\/posts\/11211","targetHints":{"allow":["GET"]}}],"collection":[{"href":"https:\/\/tjerkstra.com\/wordpress\/wp-json\/wp\/v2\/posts"}],"about":[{"href":"https:\/\/tjerkstra.com\/wordpress\/wp-json\/wp\/v2\/types\/post"}],"author":[{"embeddable":true,"href":"https:\/\/tjerkstra.com\/wordpress\/wp-json\/wp\/v2\/users\/1"}],"replies":[{"embeddable":true,"href":"https:\/\/tjerkstra.com\/wordpress\/wp-json\/wp\/v2\/comments?post=11211"}],"version-history":[{"count":1,"href":"https:\/\/tjerkstra.com\/wordpress\/wp-json\/wp\/v2\/posts\/11211\/revisions"}],"predecessor-version":[{"id":11212,"href":"https:\/\/tjerkstra.com\/wordpress\/wp-json\/wp\/v2\/posts\/11211\/revisions\/11212"}],"wp:attachment":[{"href":"https:\/\/tjerkstra.com\/wordpress\/wp-json\/wp\/v2\/media?parent=11211"}],"wp:term":[{"taxonomy":"category","embeddable":true,"href":"https:\/\/tjerkstra.com\/wordpress\/wp-json\/wp\/v2\/categories?post=11211"},{"taxonomy":"post_tag","embeddable":true,"href":"https:\/\/tjerkstra.com\/wordpress\/wp-json\/wp\/v2\/tags?post=11211"}],"curies":[{"name":"wp","href":"https:\/\/api.w.org\/{rel}","templated":true}]}}