{"id":1120,"date":"2016-09-30T19:08:10","date_gmt":"2016-09-30T19:08:10","guid":{"rendered":"http:\/\/www.tjerkstra.com\/wordpress\/?p=1120"},"modified":"2016-09-30T19:08:10","modified_gmt":"2016-09-30T19:08:10","slug":"kakebienslach","status":"publish","type":"post","link":"https:\/\/tjerkstra.com\/wordpress\/bibelbylden\/kakebienslach\/","title":{"rendered":"Kakebienslach"},"content":{"rendered":"<table class=\"contentpaneopen\">\n<tbody>\n<tr>\n<td class=\"contentheading\" width=\"100%\"><\/td>\n<td class=\"buttonheading\" align=\"right\" width=\"100%\"><a title=\"PDF\"> <img decoding=\"async\" src=\"http:\/\/www.tjerkstra.com\/images\/M_images\/pdf_button.png\" alt=\"PDF\" name=\"image\" align=\"middle\" border=\"0\" \/> <\/a><\/td>\n<td class=\"buttonheading\" align=\"right\" width=\"100%\"><a title=\"Print\"> <img decoding=\"async\" src=\"http:\/\/www.tjerkstra.com\/images\/M_images\/printButton.png\" alt=\"Print\" name=\"image\" align=\"middle\" border=\"0\" \/> <\/a><\/td>\n<td class=\"buttonheading\" align=\"right\" width=\"100%\"><a title=\"E-mail\"> <img decoding=\"async\" src=\"http:\/\/www.tjerkstra.com\/images\/M_images\/emailButton.png\" alt=\"E-mail\" name=\"image\" align=\"middle\" border=\"0\" \/> <\/a><\/td>\n<\/tr>\n<\/tbody>\n<\/table>\n<table class=\"contentpaneopen\">\n<tbody>\n<tr>\n<td colspan=\"2\" valign=\"top\"><em>fan Salomon de Bray*<br \/>\nfan Giorgio Schiavone**<\/p>\n<p><img loading=\"lazy\" decoding=\"async\" title=\"Image\" src=\"http:\/\/www.tjerkstra.com\/images\/stories\/deiboek6\/tn_scan247.jpg\" alt=\"Image\" width=\"366\" height=\"450\" border=\"0\" hspace=\"6\" \/><br \/>\n<\/em><br \/>\n&#8217;t Wie nei it f\u00fble foksefjoer,<br \/>\ndoe klom de fij\u00e2n op nei Juda<br \/>\nom de delgong fan ien man;<br \/>\nfoar &#8217;t eigen folk, bang foar de ban,<br \/>\nwie Simson ien tefolle&#8230; oer.<\/p>\n<p>&#8217;t Judeeske leger kaam doe del<br \/>\nmei trijet\u00fbzen man nei hoale<br \/>\nEtam, d\u00ear&#8217;t dy iene siet;<br \/>\noan &#8217;t eigen folk, gjin heldedied,<br \/>\njoech hy him oer&#8230; as net yn tel.<\/p>\n<p>De fij\u00e2n joech in l\u00fbd j\u00fbchhei<br \/>\nby &#8217;t sicht fan boeien om dy iene,<br \/>\ndy&#8217;t doe seach in kakebien;<br \/>\nde Geast is troch him hinnegien,<br \/>\nhy sloech derop en r\u00f4p d\u00earnei:<\/p>\n<p><img loading=\"lazy\" decoding=\"async\" title=\"Image\" src=\"http:\/\/www.tjerkstra.com\/images\/stories\/deiboek6\/tn_scan248.jpg\" alt=\"Image\" width=\"330\" height=\"450\" border=\"0\" hspace=\"6\" \/><\/p>\n<p>&#8216;Mei it kaakbien fan in ezel<br \/>\nha &#8216;k har op bulten lein,<br \/>\nmei it kaakbien fan in ezel<br \/>\nha &#8216;k t\u00fbzen man ferslein.&#8217;<\/p>\n<p>De lippen waarden Simson droech,<br \/>\nde tonge kleefde yn syn m\u00fble,<br \/>\nbang r\u00f4p hy de Iene oan;<br \/>\nder kaam in stream foar Juda&#8217;s soan,<br \/>\ndy&#8217;t oan syn folk de frijheid joech.<\/p>\n<p><em>* Salomon de Bray (1597-1664)<br \/>\nSkilderij &#8216;Simson mei in ezelskakebien&#8217;<\/p>\n<p>* Giorgio Schiavone (1436\/7-1504)<br \/>\nSkilderij &#8216;Simson slacht in Filistyn mei in ezelskakebien&#8217;<\/p>\n<p><\/em><\/td>\n<\/tr>\n<\/tbody>\n<\/table>\n","protected":false},"excerpt":{"rendered":"<p>fan Salomon de Bray* fan Giorgio Schiavone** &#8217;t Wie nei it f\u00fble foksefjoer, doe klom de fij\u00e2n op nei Juda om de delgong fan ien man; foar &#8217;t eigen folk, bang foar de ban, wie Simson ien tefolle&#8230; oer. &#8217;t Judeeske leger kaam doe del mei trijet\u00fbzen man nei hoale Etam, d\u00ear&#8217;t dy iene siet; [&hellip;]<\/p>\n","protected":false},"author":1,"featured_media":0,"comment_status":"closed","ping_status":"closed","sticky":false,"template":"","format":"standard","meta":{"footnotes":""},"categories":[4],"tags":[],"class_list":["post-1120","post","type-post","status-publish","format-standard","hentry","category-bibelbylden"],"_links":{"self":[{"href":"https:\/\/tjerkstra.com\/wordpress\/wp-json\/wp\/v2\/posts\/1120","targetHints":{"allow":["GET"]}}],"collection":[{"href":"https:\/\/tjerkstra.com\/wordpress\/wp-json\/wp\/v2\/posts"}],"about":[{"href":"https:\/\/tjerkstra.com\/wordpress\/wp-json\/wp\/v2\/types\/post"}],"author":[{"embeddable":true,"href":"https:\/\/tjerkstra.com\/wordpress\/wp-json\/wp\/v2\/users\/1"}],"replies":[{"embeddable":true,"href":"https:\/\/tjerkstra.com\/wordpress\/wp-json\/wp\/v2\/comments?post=1120"}],"version-history":[{"count":1,"href":"https:\/\/tjerkstra.com\/wordpress\/wp-json\/wp\/v2\/posts\/1120\/revisions"}],"predecessor-version":[{"id":1121,"href":"https:\/\/tjerkstra.com\/wordpress\/wp-json\/wp\/v2\/posts\/1120\/revisions\/1121"}],"wp:attachment":[{"href":"https:\/\/tjerkstra.com\/wordpress\/wp-json\/wp\/v2\/media?parent=1120"}],"wp:term":[{"taxonomy":"category","embeddable":true,"href":"https:\/\/tjerkstra.com\/wordpress\/wp-json\/wp\/v2\/categories?post=1120"},{"taxonomy":"post_tag","embeddable":true,"href":"https:\/\/tjerkstra.com\/wordpress\/wp-json\/wp\/v2\/tags?post=1120"}],"curies":[{"name":"wp","href":"https:\/\/api.w.org\/{rel}","templated":true}]}}