{"id":1112,"date":"2016-09-30T19:03:17","date_gmt":"2016-09-30T19:03:17","guid":{"rendered":"http:\/\/www.tjerkstra.com\/wordpress\/?p=1112"},"modified":"2016-09-30T19:03:17","modified_gmt":"2016-09-30T19:03:17","slug":"nazireeer-simson","status":"publish","type":"post","link":"https:\/\/tjerkstra.com\/wordpress\/bibelbylden\/nazireeer-simson\/","title":{"rendered":"Naziree\u00ebr Simson"},"content":{"rendered":"<table class=\"contentpaneopen\">\n<tbody>\n<tr>\n<td class=\"contentheading\" width=\"100%\"><\/td>\n<td class=\"buttonheading\" align=\"right\" width=\"100%\"><a title=\"PDF\"> <img decoding=\"async\" src=\"http:\/\/www.tjerkstra.com\/images\/M_images\/pdf_button.png\" alt=\"PDF\" name=\"image\" align=\"middle\" border=\"0\" \/> <\/a><\/td>\n<td class=\"buttonheading\" align=\"right\" width=\"100%\"><a title=\"Print\"> <img decoding=\"async\" src=\"http:\/\/www.tjerkstra.com\/images\/M_images\/printButton.png\" alt=\"Print\" name=\"image\" align=\"middle\" border=\"0\" \/> <\/a><\/td>\n<td class=\"buttonheading\" align=\"right\" width=\"100%\"><a title=\"E-mail\"> <img decoding=\"async\" src=\"http:\/\/www.tjerkstra.com\/images\/M_images\/emailButton.png\" alt=\"E-mail\" name=\"image\" align=\"middle\" border=\"0\" \/> <\/a><\/td>\n<\/tr>\n<\/tbody>\n<\/table>\n<table class=\"contentpaneopen\">\n<tbody>\n<tr>\n<td colspan=\"2\" valign=\"top\"><em>fan Luca Giordano*<\/em><\/p>\n<p>Se wiene lang tegearre,<br \/>\nhiene gjin ferwachting mear,<br \/>\n&#8217;t wurd \u00fat &#8216;e hichte brocht de kear,<br \/>\nse koene &#8217;t boadskip twa kear hearre.<\/p>\n<p>Yndie, in soan waard berne,<br \/>\nnaziree\u00ebr fan de die,<br \/>\ndy&#8217;t foar syn folksgenoaten gie<br \/>\ntroch earst de fij\u00e2n te ferkennen.<\/p>\n<p>It doel, de Filistinen,<br \/>\nloek him nei in kreaze frou,<br \/>\nit houlik wie him net te gau,<br \/>\nsyn \u00e2lders koene him net bine.<\/p>\n<p>It paad r\u00fbn nei de liuwen,<br \/>\nfierde Simson nei in welp,<br \/>\nhy skuorde ta en s\u00fbnder help<br \/>\nkoe hy syn earste sege priuwe.<\/p>\n<p><img loading=\"lazy\" decoding=\"async\" title=\"Image\" src=\"http:\/\/www.tjerkstra.com\/images\/stories\/deiboek6\/tn_scan228.jpg\" alt=\"Image\" width=\"397\" height=\"450\" border=\"0\" hspace=\"6\" \/><br \/>\ndetail<\/p>\n<p><em>* Luca Giordano (1634-1705)<br \/>\nSkilderij &#8216;Simson en de liuw&#8217;<br \/>\n<\/em><\/td>\n<\/tr>\n<\/tbody>\n<\/table>\n","protected":false},"excerpt":{"rendered":"<p>fan Luca Giordano* Se wiene lang tegearre, hiene gjin ferwachting mear, &#8217;t wurd \u00fat &#8216;e hichte brocht de kear, se koene &#8217;t boadskip twa kear hearre. Yndie, in soan waard berne, naziree\u00ebr fan de die, dy&#8217;t foar syn folksgenoaten gie troch earst de fij\u00e2n te ferkennen. It doel, de Filistinen, loek him nei in kreaze [&hellip;]<\/p>\n","protected":false},"author":1,"featured_media":0,"comment_status":"closed","ping_status":"closed","sticky":false,"template":"","format":"standard","meta":{"footnotes":""},"categories":[4],"tags":[],"class_list":["post-1112","post","type-post","status-publish","format-standard","hentry","category-bibelbylden"],"_links":{"self":[{"href":"https:\/\/tjerkstra.com\/wordpress\/wp-json\/wp\/v2\/posts\/1112","targetHints":{"allow":["GET"]}}],"collection":[{"href":"https:\/\/tjerkstra.com\/wordpress\/wp-json\/wp\/v2\/posts"}],"about":[{"href":"https:\/\/tjerkstra.com\/wordpress\/wp-json\/wp\/v2\/types\/post"}],"author":[{"embeddable":true,"href":"https:\/\/tjerkstra.com\/wordpress\/wp-json\/wp\/v2\/users\/1"}],"replies":[{"embeddable":true,"href":"https:\/\/tjerkstra.com\/wordpress\/wp-json\/wp\/v2\/comments?post=1112"}],"version-history":[{"count":1,"href":"https:\/\/tjerkstra.com\/wordpress\/wp-json\/wp\/v2\/posts\/1112\/revisions"}],"predecessor-version":[{"id":1113,"href":"https:\/\/tjerkstra.com\/wordpress\/wp-json\/wp\/v2\/posts\/1112\/revisions\/1113"}],"wp:attachment":[{"href":"https:\/\/tjerkstra.com\/wordpress\/wp-json\/wp\/v2\/media?parent=1112"}],"wp:term":[{"taxonomy":"category","embeddable":true,"href":"https:\/\/tjerkstra.com\/wordpress\/wp-json\/wp\/v2\/categories?post=1112"},{"taxonomy":"post_tag","embeddable":true,"href":"https:\/\/tjerkstra.com\/wordpress\/wp-json\/wp\/v2\/tags?post=1112"}],"curies":[{"name":"wp","href":"https:\/\/api.w.org\/{rel}","templated":true}]}}