{"id":1110,"date":"2016-09-30T19:01:42","date_gmt":"2016-09-30T19:01:42","guid":{"rendered":"http:\/\/www.tjerkstra.com\/wordpress\/?p=1110"},"modified":"2016-09-30T19:01:42","modified_gmt":"2016-09-30T19:01:42","slug":"jefta","status":"publish","type":"post","link":"https:\/\/tjerkstra.com\/wordpress\/bibelbylden\/jefta\/","title":{"rendered":"Jefta"},"content":{"rendered":"<table class=\"contentpaneopen\">\n<tbody>\n<tr>\n<td class=\"contentheading\" width=\"100%\"><\/td>\n<td class=\"buttonheading\" align=\"right\" width=\"100%\"><a title=\"PDF\"> <img decoding=\"async\" src=\"http:\/\/www.tjerkstra.com\/images\/M_images\/pdf_button.png\" alt=\"PDF\" name=\"image\" align=\"middle\" border=\"0\" \/> <\/a><\/td>\n<td class=\"buttonheading\" align=\"right\" width=\"100%\"><a title=\"Print\"> <img decoding=\"async\" src=\"http:\/\/www.tjerkstra.com\/images\/M_images\/printButton.png\" alt=\"Print\" name=\"image\" align=\"middle\" border=\"0\" \/> <\/a><\/td>\n<td class=\"buttonheading\" align=\"right\" width=\"100%\"><a title=\"E-mail\"> <img decoding=\"async\" src=\"http:\/\/www.tjerkstra.com\/images\/M_images\/emailButton.png\" alt=\"E-mail\" name=\"image\" align=\"middle\" border=\"0\" \/> <\/a><\/td>\n<\/tr>\n<\/tbody>\n<\/table>\n<table class=\"contentpaneopen\">\n<tbody>\n<tr>\n<td colspan=\"2\" valign=\"top\"><em>fan Gustave Dor\u00e9*<br \/>\n<\/em><br \/>\nYn &#8217;t gea fan Gile\u00e4d<br \/>\nstie Jefta b\u00fbten &#8217;t rjocht,<br \/>\nsyn bruorren f\u00fbnen dat<br \/>\nhy d\u00ear net w\u00eaze mocht;<br \/>\nas bastert net yn tel<br \/>\nmoast hy de heuvel del<br \/>\nnei &#8217;t wylde heidenl\u00e2n<br \/>\nmei struken, stien en s\u00e2n.<\/p>\n<p>Yn &#8217;t wylde l\u00e2n fan Tob<br \/>\nkaam Jefta ta syn rjocht,<br \/>\nhy brocht syn minsken op<br \/>\nit paad fan libbensnocht;<br \/>\nJa&#8217;ala, iennichst bern,<br \/>\nkoe spylje, song d\u00earby,<br \/>\nliet him de takomst sjen:<br \/>\nit hiele l\u00e2n wer frij.<\/p>\n<p>Yn &#8217;t gea fan Gile\u00e4d<br \/>\nliet Ammon sjen syn macht,<br \/>\nde bruorren r\u00f4pen dat<br \/>\nit waard gau neare nacht<br \/>\nas Jefta, sterke broer,<br \/>\nnet kaam nei harren oer<br \/>\nom Ammon te ferslaan,<br \/>\nelk soe him &#8217;t rjocht wer jaan.<\/p>\n<p>Ut Tob, it wylde gea,<br \/>\nteach Jefta moedich op,<br \/>\nsyn folk wie sterk fan lea,<br \/>\n&#8217;t gie nei de heuveltop;<br \/>\noerdwealsk klonk Jefta&#8217;s rop:<br \/>\n&#8216;As ik de fij\u00e2n ha,<br \/>\ndan offerje ik God<br \/>\nwa&#8217;t earst komt op my ta.&#8217;<\/p>\n<p>Yn &#8217;t gea fan Gile\u00e4d<br \/>\nkaam Jefta ta syn rjocht,<br \/>\nde bruorren r\u00f4pen dat<br \/>\nhar broer der w\u00eaze mocht;<br \/>\nmar Jefta, ek noch heit,<br \/>\nseach &#8217;t skrikbyld as in feit:<br \/>\nJa&#8217;ala kaam it earst,<br \/>\nit snie him troch de geast.<\/p>\n<p><img loading=\"lazy\" decoding=\"async\" title=\"Image\" src=\"http:\/\/www.tjerkstra.com\/images\/stories\/deiboek6\/tn_scan224.jpg\" alt=\"Image\" width=\"365\" height=\"450\" border=\"0\" hspace=\"6\" \/><\/p>\n<p>Fan &#8217;t wylde gea fan Tob<br \/>\nnei &#8217;t l\u00e2n fan Israel,<br \/>\nas rjochter nei de top,<br \/>\nas minske derby del:<br \/>\nJa&#8217;ala, iennichst bern,<br \/>\nkoe spylje, song d\u00earby,<br \/>\nde takomst wie ferlern,<br \/>\nsels kaam er nea wer frij.<\/p>\n<p><img loading=\"lazy\" decoding=\"async\" title=\"Image\" src=\"http:\/\/www.tjerkstra.com\/images\/stories\/deiboek6\/tn_scan225.jpg\" alt=\"Image\" width=\"450\" height=\"356\" border=\"0\" hspace=\"6\" \/><\/p>\n<p><em>* Gustave Dor\u00e9 (1833-1883)<br \/>\nYllustraasje &#8216;Jefta&#8217;s dochter komt har heit yn de mjitte&#8217;<\/p>\n<p>Yllustraasje &#8216;Jefta&#8217;s dochter mei har freondinnen&#8217;<br \/>\n<\/em><\/td>\n<\/tr>\n<\/tbody>\n<\/table>\n","protected":false},"excerpt":{"rendered":"<p>fan Gustave Dor\u00e9* Yn &#8217;t gea fan Gile\u00e4d stie Jefta b\u00fbten &#8217;t rjocht, syn bruorren f\u00fbnen dat hy d\u00ear net w\u00eaze mocht; as bastert net yn tel moast hy de heuvel del nei &#8217;t wylde heidenl\u00e2n mei struken, stien en s\u00e2n. Yn &#8217;t wylde l\u00e2n fan Tob kaam Jefta ta syn rjocht, hy brocht syn [&hellip;]<\/p>\n","protected":false},"author":1,"featured_media":0,"comment_status":"closed","ping_status":"closed","sticky":false,"template":"","format":"standard","meta":{"footnotes":""},"categories":[4],"tags":[],"class_list":["post-1110","post","type-post","status-publish","format-standard","hentry","category-bibelbylden"],"_links":{"self":[{"href":"https:\/\/tjerkstra.com\/wordpress\/wp-json\/wp\/v2\/posts\/1110","targetHints":{"allow":["GET"]}}],"collection":[{"href":"https:\/\/tjerkstra.com\/wordpress\/wp-json\/wp\/v2\/posts"}],"about":[{"href":"https:\/\/tjerkstra.com\/wordpress\/wp-json\/wp\/v2\/types\/post"}],"author":[{"embeddable":true,"href":"https:\/\/tjerkstra.com\/wordpress\/wp-json\/wp\/v2\/users\/1"}],"replies":[{"embeddable":true,"href":"https:\/\/tjerkstra.com\/wordpress\/wp-json\/wp\/v2\/comments?post=1110"}],"version-history":[{"count":1,"href":"https:\/\/tjerkstra.com\/wordpress\/wp-json\/wp\/v2\/posts\/1110\/revisions"}],"predecessor-version":[{"id":1111,"href":"https:\/\/tjerkstra.com\/wordpress\/wp-json\/wp\/v2\/posts\/1110\/revisions\/1111"}],"wp:attachment":[{"href":"https:\/\/tjerkstra.com\/wordpress\/wp-json\/wp\/v2\/media?parent=1110"}],"wp:term":[{"taxonomy":"category","embeddable":true,"href":"https:\/\/tjerkstra.com\/wordpress\/wp-json\/wp\/v2\/categories?post=1110"},{"taxonomy":"post_tag","embeddable":true,"href":"https:\/\/tjerkstra.com\/wordpress\/wp-json\/wp\/v2\/tags?post=1110"}],"curies":[{"name":"wp","href":"https:\/\/api.w.org\/{rel}","templated":true}]}}