{"id":1105,"date":"2016-09-30T18:58:16","date_gmt":"2016-09-30T18:58:16","guid":{"rendered":"http:\/\/www.tjerkstra.com\/wordpress\/?p=1105"},"modified":"2016-09-30T18:58:16","modified_gmt":"2016-09-30T18:58:16","slug":"rige","status":"publish","type":"post","link":"https:\/\/tjerkstra.com\/wordpress\/lyrysk-deiboek\/rige\/","title":{"rendered":"Rige"},"content":{"rendered":"<table class=\"contentpaneopen\">\n<tbody>\n<tr>\n<td class=\"contentheading\" width=\"100%\"><\/td>\n<td class=\"buttonheading\" align=\"right\" width=\"100%\"><a title=\"PDF\"> <img decoding=\"async\" src=\"http:\/\/www.tjerkstra.com\/images\/M_images\/pdf_button.png\" alt=\"PDF\" name=\"image\" align=\"middle\" border=\"0\" \/> <\/a><\/td>\n<td class=\"buttonheading\" align=\"right\" width=\"100%\"><a title=\"Print\"> <img decoding=\"async\" src=\"http:\/\/www.tjerkstra.com\/images\/M_images\/printButton.png\" alt=\"Print\" name=\"image\" align=\"middle\" border=\"0\" \/> <\/a><\/td>\n<td class=\"buttonheading\" align=\"right\" width=\"100%\"><a title=\"E-mail\"> <img decoding=\"async\" src=\"http:\/\/www.tjerkstra.com\/images\/M_images\/emailButton.png\" alt=\"E-mail\" name=\"image\" align=\"middle\" border=\"0\" \/> <\/a><\/td>\n<\/tr>\n<\/tbody>\n<\/table>\n<table class=\"contentpaneopen\">\n<tbody>\n<tr>\n<td colspan=\"2\" valign=\"top\">Se ha it miel wer j\u00fbn,<br \/>\nit jaar befrijd fan l\u00east<br \/>\ndy&#8217;t oars gjin romte f\u00fbn<br \/>\nas yn de tank, wol b\u00east<br \/>\ngen\u00f4ch, want no&#8217;t it bern<br \/>\ngjin l\u00east mear jout oan &#8217;t hert<br \/>\nfan mem, hat sy ferlern<br \/>\n&#8217;t gefoel en is se set<br \/>\nyn &#8217;t ramt fan sirkelgong<br \/>\nfan st\u00e2l nei greide, gers<br \/>\nas fretten, k\u00f4gje, dong<br \/>\nfoar groei en dan de r\u00east,<br \/>\nwjerk\u00f4gje, fjouwer kear<br \/>\nin mage yn, wol b\u00east<br \/>\ngen\u00f4ch, der is net mear<br \/>\nas sirkelje, hoewol&#8230;<\/p>\n<p>se stelle harren op,<br \/>\nwant jaren rinne fol,<br \/>\nin rige, kont oan kop.<\/p>\n<p><img loading=\"lazy\" decoding=\"async\" title=\"Image\" src=\"http:\/\/www.tjerkstra.com\/images\/stories\/deiboek2\/ynternet100_2606.jpg\" alt=\"Image\" width=\"450\" height=\"338\" border=\"0\" hspace=\"6\" \/><\/td>\n<\/tr>\n<\/tbody>\n<\/table>\n","protected":false},"excerpt":{"rendered":"<p>Se ha it miel wer j\u00fbn, it jaar befrijd fan l\u00east dy&#8217;t oars gjin romte f\u00fbn as yn de tank, wol b\u00east gen\u00f4ch, want no&#8217;t it bern gjin l\u00east mear jout oan &#8217;t hert fan mem, hat sy ferlern &#8217;t gefoel en is se set yn &#8217;t ramt fan sirkelgong fan st\u00e2l nei greide, gers [&hellip;]<\/p>\n","protected":false},"author":1,"featured_media":0,"comment_status":"closed","ping_status":"closed","sticky":false,"template":"","format":"standard","meta":{"footnotes":""},"categories":[3],"tags":[],"class_list":["post-1105","post","type-post","status-publish","format-standard","hentry","category-lyrysk-deiboek"],"_links":{"self":[{"href":"https:\/\/tjerkstra.com\/wordpress\/wp-json\/wp\/v2\/posts\/1105","targetHints":{"allow":["GET"]}}],"collection":[{"href":"https:\/\/tjerkstra.com\/wordpress\/wp-json\/wp\/v2\/posts"}],"about":[{"href":"https:\/\/tjerkstra.com\/wordpress\/wp-json\/wp\/v2\/types\/post"}],"author":[{"embeddable":true,"href":"https:\/\/tjerkstra.com\/wordpress\/wp-json\/wp\/v2\/users\/1"}],"replies":[{"embeddable":true,"href":"https:\/\/tjerkstra.com\/wordpress\/wp-json\/wp\/v2\/comments?post=1105"}],"version-history":[{"count":1,"href":"https:\/\/tjerkstra.com\/wordpress\/wp-json\/wp\/v2\/posts\/1105\/revisions"}],"predecessor-version":[{"id":1106,"href":"https:\/\/tjerkstra.com\/wordpress\/wp-json\/wp\/v2\/posts\/1105\/revisions\/1106"}],"wp:attachment":[{"href":"https:\/\/tjerkstra.com\/wordpress\/wp-json\/wp\/v2\/media?parent=1105"}],"wp:term":[{"taxonomy":"category","embeddable":true,"href":"https:\/\/tjerkstra.com\/wordpress\/wp-json\/wp\/v2\/categories?post=1105"},{"taxonomy":"post_tag","embeddable":true,"href":"https:\/\/tjerkstra.com\/wordpress\/wp-json\/wp\/v2\/tags?post=1105"}],"curies":[{"name":"wp","href":"https:\/\/api.w.org\/{rel}","templated":true}]}}