{"id":1097,"date":"2016-09-30T18:53:26","date_gmt":"2016-09-30T18:53:26","guid":{"rendered":"http:\/\/www.tjerkstra.com\/wordpress\/?p=1097"},"modified":"2016-09-30T18:53:26","modified_gmt":"2016-09-30T18:53:26","slug":"nei-de-tonger","status":"publish","type":"post","link":"https:\/\/tjerkstra.com\/wordpress\/lyrysk-deiboek\/nei-de-tonger\/","title":{"rendered":"Nei de tonger"},"content":{"rendered":"<table class=\"contentpaneopen\">\n<tbody>\n<tr>\n<td class=\"contentheading\" width=\"100%\"><\/td>\n<td class=\"buttonheading\" align=\"right\" width=\"100%\"><a title=\"PDF\"> <img decoding=\"async\" src=\"http:\/\/www.tjerkstra.com\/images\/M_images\/pdf_button.png\" alt=\"PDF\" name=\"image\" align=\"middle\" border=\"0\" \/> <\/a><\/td>\n<td class=\"buttonheading\" align=\"right\" width=\"100%\"><a title=\"Print\"> <img decoding=\"async\" src=\"http:\/\/www.tjerkstra.com\/images\/M_images\/printButton.png\" alt=\"Print\" name=\"image\" align=\"middle\" border=\"0\" \/> <\/a><\/td>\n<td class=\"buttonheading\" align=\"right\" width=\"100%\"><a title=\"E-mail\"> <img decoding=\"async\" src=\"http:\/\/www.tjerkstra.com\/images\/M_images\/emailButton.png\" alt=\"E-mail\" name=\"image\" align=\"middle\" border=\"0\" \/> <\/a><\/td>\n<\/tr>\n<\/tbody>\n<\/table>\n<table class=\"contentpaneopen\">\n<tbody>\n<tr>\n<td colspan=\"2\" valign=\"top\"><img loading=\"lazy\" decoding=\"async\" title=\"Image\" src=\"http:\/\/www.tjerkstra.com\/images\/stories\/deiboek2\/ynternet100_3113.jpg\" alt=\"Image\" width=\"450\" height=\"338\" border=\"0\" hspace=\"6\" \/><\/p>\n<p>&nbsp;<\/p>\n<p>Nei&#8217;t justerj\u00fbn de tonger<br \/>\noerenlang de loft besloech,<br \/>\nd\u00ear&#8217;t skril de flitsen spatten,<br \/>\nrint de moarntiid, noch wat r\u00fbch,<br \/>\nmei my de dyk del, sjongend<br \/>\nfan in langstme nei it blau<br \/>\nfan ivichheid as gatten<br \/>\ntusken wolken, God syn spoar<br \/>\nde hichte yn, foar eagen<br \/>\nnet te folgjen, d\u00earom sjou<br \/>\nik fierder mei de strielen<br \/>\nyn de r\u00each en ek de smoar<br \/>\nyn om de wiete segen<br \/>\ndy&#8217;t de eagen sakje lit<br \/>\noant op it gers d\u00ear&#8217;t giele<br \/>\nblommen bloeie, achtergr\u00fbn<br \/>\nfoar &#8217;t blau, de ierdske wegen<br \/>\ndy&#8217;t begeanber binne, dit<br \/>\nis &#8217;t ljochtsjen nei de tonger.<\/p>\n<p><img loading=\"lazy\" decoding=\"async\" title=\"Image\" src=\"http:\/\/www.tjerkstra.com\/images\/stories\/deiboek2\/ynternet100_3114.jpg\" alt=\"Image\" width=\"450\" height=\"338\" border=\"0\" hspace=\"6\" \/><\/td>\n<\/tr>\n<\/tbody>\n<\/table>\n","protected":false},"excerpt":{"rendered":"<p>&nbsp; Nei&#8217;t justerj\u00fbn de tonger oerenlang de loft besloech, d\u00ear&#8217;t skril de flitsen spatten, rint de moarntiid, noch wat r\u00fbch, mei my de dyk del, sjongend fan in langstme nei it blau fan ivichheid as gatten tusken wolken, God syn spoar de hichte yn, foar eagen net te folgjen, d\u00earom sjou ik fierder mei de [&hellip;]<\/p>\n","protected":false},"author":1,"featured_media":0,"comment_status":"closed","ping_status":"closed","sticky":false,"template":"","format":"standard","meta":{"footnotes":""},"categories":[3],"tags":[],"class_list":["post-1097","post","type-post","status-publish","format-standard","hentry","category-lyrysk-deiboek"],"_links":{"self":[{"href":"https:\/\/tjerkstra.com\/wordpress\/wp-json\/wp\/v2\/posts\/1097","targetHints":{"allow":["GET"]}}],"collection":[{"href":"https:\/\/tjerkstra.com\/wordpress\/wp-json\/wp\/v2\/posts"}],"about":[{"href":"https:\/\/tjerkstra.com\/wordpress\/wp-json\/wp\/v2\/types\/post"}],"author":[{"embeddable":true,"href":"https:\/\/tjerkstra.com\/wordpress\/wp-json\/wp\/v2\/users\/1"}],"replies":[{"embeddable":true,"href":"https:\/\/tjerkstra.com\/wordpress\/wp-json\/wp\/v2\/comments?post=1097"}],"version-history":[{"count":1,"href":"https:\/\/tjerkstra.com\/wordpress\/wp-json\/wp\/v2\/posts\/1097\/revisions"}],"predecessor-version":[{"id":1098,"href":"https:\/\/tjerkstra.com\/wordpress\/wp-json\/wp\/v2\/posts\/1097\/revisions\/1098"}],"wp:attachment":[{"href":"https:\/\/tjerkstra.com\/wordpress\/wp-json\/wp\/v2\/media?parent=1097"}],"wp:term":[{"taxonomy":"category","embeddable":true,"href":"https:\/\/tjerkstra.com\/wordpress\/wp-json\/wp\/v2\/categories?post=1097"},{"taxonomy":"post_tag","embeddable":true,"href":"https:\/\/tjerkstra.com\/wordpress\/wp-json\/wp\/v2\/tags?post=1097"}],"curies":[{"name":"wp","href":"https:\/\/api.w.org\/{rel}","templated":true}]}}