{"id":1078,"date":"2016-09-30T18:38:41","date_gmt":"2016-09-30T18:38:41","guid":{"rendered":"http:\/\/www.tjerkstra.com\/wordpress\/?p=1078"},"modified":"2016-09-30T18:38:41","modified_gmt":"2016-09-30T18:38:41","slug":"ballade-fan-de-snitser-pan","status":"publish","type":"post","link":"https:\/\/tjerkstra.com\/wordpress\/lyrysk-deiboek\/ballade-fan-de-snitser-pan\/","title":{"rendered":"Ballade fan de Snitser Pan"},"content":{"rendered":"<table class=\"contentpaneopen\">\n<tbody>\n<tr>\n<td class=\"contentheading\" width=\"100%\"><\/td>\n<td class=\"buttonheading\" align=\"right\" width=\"100%\"><a title=\"PDF\"> <img decoding=\"async\" src=\"http:\/\/www.tjerkstra.com\/images\/M_images\/pdf_button.png\" alt=\"PDF\" name=\"image\" align=\"middle\" border=\"0\" \/> <\/a><\/td>\n<td class=\"buttonheading\" align=\"right\" width=\"100%\"><a title=\"Print\"> <img decoding=\"async\" src=\"http:\/\/www.tjerkstra.com\/images\/M_images\/printButton.png\" alt=\"Print\" name=\"image\" align=\"middle\" border=\"0\" \/> <\/a><\/td>\n<td class=\"buttonheading\" align=\"right\" width=\"100%\"><a title=\"E-mail\"> <img decoding=\"async\" src=\"http:\/\/www.tjerkstra.com\/images\/M_images\/emailButton.png\" alt=\"E-mail\" name=\"image\" align=\"middle\" border=\"0\" \/> <\/a><\/td>\n<\/tr>\n<\/tbody>\n<\/table>\n<table class=\"contentpaneopen\">\n<tbody>\n<tr>\n<td colspan=\"2\" valign=\"top\"><img loading=\"lazy\" decoding=\"async\" title=\"Image\" src=\"http:\/\/www.tjerkstra.com\/images\/stories\/deiboek2\/ynternet100_1591.jpg\" alt=\"Image\" width=\"338\" height=\"450\" border=\"0\" hspace=\"6\" \/><\/p>\n<p>Hoe komt it dat de jierren troch<br \/>\nde Snitsers sprekke fan tradysje<br \/>\nas de Pan de r\u00fbte docht<br \/>\nen silers flaggen hysje?<\/p>\n<p>De boargemaster hie &#8217;t al yn<br \/>\nde jierren fyftich oer de Oarder<br \/>\ndy&#8217;t de b\u00easten oan him bynt:<br \/>\nin wike lang op oarder.<\/p>\n<p>W\u00ear komt dy pankoekspanne wei,<br \/>\nwa sil it oan de Snitsers sizze,<br \/>\nas de wierheid kin ferdraaid<br \/>\nyn mear ferhalen lizze.<\/p>\n<p><img loading=\"lazy\" decoding=\"async\" title=\"Image\" src=\"http:\/\/www.tjerkstra.com\/images\/stories\/deiboek2\/ynternet100_3026.jpg\" alt=\"Image\" width=\"450\" height=\"338\" border=\"0\" hspace=\"6\" \/><\/p>\n<p>It earste sprekt fan Holl\u00e2nsk folk<br \/>\ndat meidie oan de silerswike,<br \/>\nfoar de sfear yn gr\u00eaft en Kolk<br \/>\nhat neat har better like.<\/p>\n<p>Snits brocht harren yn de ban<br \/>\nfan wetter en in sterker drankje,<br \/>\nsjongend klonk it: &#8216;Wat een pan,<br \/>\neen pan met een bedankje!&#8217;<\/p>\n<p>De pankoekspanne, br\u00fbkt as bl\u00ead,<br \/>\nstie fol mei fonkeljende gleskes,<br \/>\nHoll\u00e2n wie noch lang net s\u00ead,<br \/>\nit ljocht kaam fan de kerskes.<\/p>\n<p>De deis d\u00earop foer &#8217;t folk wer flot<br \/>\nde r\u00fbte oer Langwarder Wiellen,<br \/>\nSnitsers brochten harren fuort<br \/>\nom noch wat troch te spiellen.<\/p>\n<p><img loading=\"lazy\" decoding=\"async\" title=\"Image\" src=\"http:\/\/www.tjerkstra.com\/images\/stories\/deiboek2\/ynternet100_2844.jpg\" alt=\"Image\" width=\"338\" height=\"450\" border=\"0\" hspace=\"6\" \/><\/p>\n<p>De Pannep\u00f4le wie it plak<br \/>\nfoar &#8217;t fiskje yn de pankoekspanne,<br \/>\nelk fertsjinne syn gerak,<br \/>\nin slokje \u00fat &#8216;e kanne.<\/p>\n<p>Kaam d\u00ear de pankoekspanne wei,<br \/>\n&#8217;t ferhaal fan Pannep\u00f4le?<br \/>\nNee, &#8217;t wie wat de krante sei,<br \/>\nDe Telegraaf \u00fat\u00e2le.<\/p>\n<p>In prachtich fjoerwurk yn de Kolk,<br \/>\nBengaals op Snitser pankoekspannen,<br \/>\ndat ferhaal gie op in wolk<br \/>\nfan reek nei alle lannen.<\/p>\n<p>As trije kear de wierheid is,<br \/>\ndan is de Panne no ferklearre,<br \/>\nmar de minsken ha it mis<br \/>\ndy&#8217;t net de ein noch hearre.<\/p>\n<p>Want froulju ha de foarstap h\u00e2n<br \/>\ndoe&#8217;t sy de &#8216;Sneeker Pan&#8217; oprjochten,<br \/>\nholpen manlju \u00fat &#8216;e br\u00e2n<br \/>\nmei &#8217;t sy de float ferljochten.<\/p>\n<p>Sa sjocht men mar, de oarder is<br \/>\nfan minsken, man en frou tegearre,<br \/>\nd\u00earmei is dan s\u00fbnder mis<br \/>\nde Oarder wol ferklearre.<\/p>\n<p><img loading=\"lazy\" decoding=\"async\" title=\"Image\" src=\"http:\/\/www.tjerkstra.com\/images\/stories\/deiboek2\/ynternet100_3028.jpg\" alt=\"Image\" width=\"450\" height=\"338\" border=\"0\" hspace=\"6\" \/><\/td>\n<\/tr>\n<\/tbody>\n<\/table>\n","protected":false},"excerpt":{"rendered":"<p>Hoe komt it dat de jierren troch de Snitsers sprekke fan tradysje as de Pan de r\u00fbte docht en silers flaggen hysje? De boargemaster hie &#8217;t al yn de jierren fyftich oer de Oarder dy&#8217;t de b\u00easten oan him bynt: in wike lang op oarder. W\u00ear komt dy pankoekspanne wei, wa sil it oan de [&hellip;]<\/p>\n","protected":false},"author":1,"featured_media":0,"comment_status":"closed","ping_status":"closed","sticky":false,"template":"","format":"standard","meta":{"footnotes":""},"categories":[3],"tags":[],"class_list":["post-1078","post","type-post","status-publish","format-standard","hentry","category-lyrysk-deiboek"],"_links":{"self":[{"href":"https:\/\/tjerkstra.com\/wordpress\/wp-json\/wp\/v2\/posts\/1078","targetHints":{"allow":["GET"]}}],"collection":[{"href":"https:\/\/tjerkstra.com\/wordpress\/wp-json\/wp\/v2\/posts"}],"about":[{"href":"https:\/\/tjerkstra.com\/wordpress\/wp-json\/wp\/v2\/types\/post"}],"author":[{"embeddable":true,"href":"https:\/\/tjerkstra.com\/wordpress\/wp-json\/wp\/v2\/users\/1"}],"replies":[{"embeddable":true,"href":"https:\/\/tjerkstra.com\/wordpress\/wp-json\/wp\/v2\/comments?post=1078"}],"version-history":[{"count":1,"href":"https:\/\/tjerkstra.com\/wordpress\/wp-json\/wp\/v2\/posts\/1078\/revisions"}],"predecessor-version":[{"id":1079,"href":"https:\/\/tjerkstra.com\/wordpress\/wp-json\/wp\/v2\/posts\/1078\/revisions\/1079"}],"wp:attachment":[{"href":"https:\/\/tjerkstra.com\/wordpress\/wp-json\/wp\/v2\/media?parent=1078"}],"wp:term":[{"taxonomy":"category","embeddable":true,"href":"https:\/\/tjerkstra.com\/wordpress\/wp-json\/wp\/v2\/categories?post=1078"},{"taxonomy":"post_tag","embeddable":true,"href":"https:\/\/tjerkstra.com\/wordpress\/wp-json\/wp\/v2\/tags?post=1078"}],"curies":[{"name":"wp","href":"https:\/\/api.w.org\/{rel}","templated":true}]}}