{"id":1021,"date":"2016-09-28T19:32:02","date_gmt":"2016-09-28T19:32:02","guid":{"rendered":"http:\/\/www.tjerkstra.com\/wordpress\/?p=1021"},"modified":"2016-09-28T19:32:02","modified_gmt":"2016-09-28T19:32:02","slug":"maskotte-fan-oranje","status":"publish","type":"post","link":"https:\/\/tjerkstra.com\/wordpress\/lyrysk-deiboek\/maskotte-fan-oranje\/","title":{"rendered":"Maskotte fan Oranje"},"content":{"rendered":"<table class=\"contentpaneopen\">\n<tbody>\n<tr>\n<td class=\"contentheading\" width=\"100%\">Maskotte fan Oranje<\/td>\n<td class=\"buttonheading\" align=\"right\" width=\"100%\"><a title=\"PDF\"> <img decoding=\"async\" src=\"http:\/\/www.tjerkstra.com\/images\/M_images\/pdf_button.png\" alt=\"PDF\" name=\"image\" align=\"middle\" border=\"0\" \/> <\/a><\/td>\n<td class=\"buttonheading\" align=\"right\" width=\"100%\"><a title=\"Print\"> <img decoding=\"async\" src=\"http:\/\/www.tjerkstra.com\/images\/M_images\/printButton.png\" alt=\"Print\" name=\"image\" align=\"middle\" border=\"0\" \/> <\/a><\/td>\n<td class=\"buttonheading\" align=\"right\" width=\"100%\"><a title=\"E-mail\"> <img decoding=\"async\" src=\"http:\/\/www.tjerkstra.com\/images\/M_images\/emailButton.png\" alt=\"E-mail\" name=\"image\" align=\"middle\" border=\"0\" \/> <\/a><\/td>\n<\/tr>\n<\/tbody>\n<\/table>\n<table class=\"contentpaneopen\">\n<tbody>\n<tr>\n<td colspan=\"2\" valign=\"top\"><img loading=\"lazy\" decoding=\"async\" title=\"Image\" src=\"http:\/\/www.tjerkstra.com\/images\/stories\/deiboek2\/ynternet100_2618.jpg\" alt=\"Image\" width=\"338\" height=\"450\" border=\"0\" hspace=\"6\" \/><\/p>\n<p>Syn damesfyts, twa spegels<br \/>\nfoar achter\u00fat, oranje sierd<br \/>\nfanwege wat de wr\u00e2ld him biedt<br \/>\noan &#8217;t frije spul en regels,<br \/>\nstie tsjin de leagenbank parkeard<br \/>\nd\u00ear&#8217;t hy de ballen fantaseart<br \/>\nyn goals fan oare kleuren<br \/>\nas syn oranje liuwekroan,<br \/>\nsyn dream op keninklike toan,<br \/>\ngjin stammerjen en seuren<br \/>\nfan sleur en soer de dagen troch,<br \/>\nmar wize en dan roppe: &#8216;Sjoch,<br \/>\nmaskotte fan Oranje!&#8217;<br \/>\nOant er \u00fatfalt, nei de flank,<br \/>\nsyn plak op &#8216;e reservebank,<br \/>\nde wrotter mei wat franje.<\/p>\n<p><img loading=\"lazy\" decoding=\"async\" title=\"Image\" src=\"http:\/\/www.tjerkstra.com\/images\/stories\/deiboek2\/ynternet100_2620.jpg\" alt=\"Image\" width=\"338\" height=\"450\" border=\"0\" hspace=\"6\" \/><\/td>\n<\/tr>\n<\/tbody>\n<\/table>\n","protected":false},"excerpt":{"rendered":"<p>Maskotte fan Oranje Syn damesfyts, twa spegels foar achter\u00fat, oranje sierd fanwege wat de wr\u00e2ld him biedt oan &#8217;t frije spul en regels, stie tsjin de leagenbank parkeard d\u00ear&#8217;t hy de ballen fantaseart yn goals fan oare kleuren as syn oranje liuwekroan, syn dream op keninklike toan, gjin stammerjen en seuren fan sleur en soer [&hellip;]<\/p>\n","protected":false},"author":1,"featured_media":0,"comment_status":"closed","ping_status":"closed","sticky":false,"template":"","format":"standard","meta":{"footnotes":""},"categories":[3],"tags":[],"class_list":["post-1021","post","type-post","status-publish","format-standard","hentry","category-lyrysk-deiboek"],"_links":{"self":[{"href":"https:\/\/tjerkstra.com\/wordpress\/wp-json\/wp\/v2\/posts\/1021","targetHints":{"allow":["GET"]}}],"collection":[{"href":"https:\/\/tjerkstra.com\/wordpress\/wp-json\/wp\/v2\/posts"}],"about":[{"href":"https:\/\/tjerkstra.com\/wordpress\/wp-json\/wp\/v2\/types\/post"}],"author":[{"embeddable":true,"href":"https:\/\/tjerkstra.com\/wordpress\/wp-json\/wp\/v2\/users\/1"}],"replies":[{"embeddable":true,"href":"https:\/\/tjerkstra.com\/wordpress\/wp-json\/wp\/v2\/comments?post=1021"}],"version-history":[{"count":1,"href":"https:\/\/tjerkstra.com\/wordpress\/wp-json\/wp\/v2\/posts\/1021\/revisions"}],"predecessor-version":[{"id":1022,"href":"https:\/\/tjerkstra.com\/wordpress\/wp-json\/wp\/v2\/posts\/1021\/revisions\/1022"}],"wp:attachment":[{"href":"https:\/\/tjerkstra.com\/wordpress\/wp-json\/wp\/v2\/media?parent=1021"}],"wp:term":[{"taxonomy":"category","embeddable":true,"href":"https:\/\/tjerkstra.com\/wordpress\/wp-json\/wp\/v2\/categories?post=1021"},{"taxonomy":"post_tag","embeddable":true,"href":"https:\/\/tjerkstra.com\/wordpress\/wp-json\/wp\/v2\/tags?post=1021"}],"curies":[{"name":"wp","href":"https:\/\/api.w.org\/{rel}","templated":true}]}}